{"id":70594,"date":"2016-04-25T20:12:28","date_gmt":"2016-04-25T17:12:28","guid":{"rendered":"http:\/\/sana.sy\/tr\/?p=70594"},"modified":"2016-04-25T20:13:32","modified_gmt":"2016-04-25T17:13:32","slug":"cenevrede-suriyeliler-arasindaki-dolayli-diyalog-gorusmelerinde-suriye-arap-cumhuriyeti-heyeti-baskani-caferi-bugun-heyetin-bm-genel-sekreterinin-suriye-ozel-temsilcisi-staffan-de-mistura-ile-ikinci","status":"publish","type":"post","link":"https:\/\/archive.sana.sy\/tr\/?p=70594","title":{"rendered":"Cenevre&#8217;de Suriyeliler aras\u0131ndaki dolayl\u0131 diyalog g\u00f6r\u00fc\u015fmelerinde Suriye Arap Cumhuriyeti heyeti ba\u015fkan\u0131 Caferi bug\u00fcn heyetin BM genel sekreterinin Suriye \u00f6zel temsilcisi Staffan de Mistura ile ikinci toplant\u0131s\u0131 ard\u0131ndan yapt\u0131\u011f\u0131 bas\u0131n a\u00e7\u0131klamalar\u0131nda; \u2018Riyad muhalefeti\u2019 heyetinin g\u00f6r\u00fc\u015fmelere kat\u0131l\u0131m\u0131n\u0131 ask\u0131ya al\u0131p Cenevre&#8217;den ayr\u0131lmadan \u00f6nce bulunduklar\u0131 tehditlerin, ter\u00f6r edatlar\u0131 arac\u0131l\u0131\u011f\u0131 ile Halep Kentine geli\u015fig\u00fczel f\u00fcze sald\u0131r\u0131lar\u0131 ve \u015eam k\u0131rsal\u0131n\u0131n Diyyabiye Beldesi giri\u015finde ger\u00e7ekle\u015ftirdikleri bombal\u0131 eylemle prati\u011fe d\u00f6k\u00fcld\u00fc\u011f\u00fcn\u00fc belirtti."},"content":{"rendered":"<p>Cenevre&#8217;de Suriyeliler aras\u0131ndaki dolayl\u0131 diyalog g\u00f6r\u00fc\u015fmelerinde Suriye Arap Cumhuriyeti heyeti ba\u015fkan\u0131 Caferi bug\u00fcn heyetin BM genel sekreterinin Suriye \u00f6zel temsilcisi Staffan de Mistura ile ikinci toplant\u0131s\u0131 ard\u0131ndan yapt\u0131\u011f\u0131 bas\u0131n a\u00e7\u0131klamalar\u0131nda; \u2018Riyad muhalefeti\u2019 heyetinin g\u00f6r\u00fc\u015fmelere kat\u0131l\u0131m\u0131n\u0131 ask\u0131ya al\u0131p Cenevre&#8217;den ayr\u0131lmadan \u00f6nce bulunduklar\u0131 tehditlerin, ter\u00f6r edatlar\u0131 arac\u0131l\u0131\u011f\u0131 ile Halep Kentine geli\u015fig\u00fczel f\u00fcze sald\u0131r\u0131lar\u0131 ve \u015eam k\u0131rsal\u0131n\u0131n Diyyabiye Beldesi giri\u015finde ger\u00e7ekle\u015ftirdikleri bombal\u0131 eylemle prati\u011fe d\u00f6k\u00fcld\u00fc\u011f\u00fcn\u00fc belirtti.<\/p>\n","protected":false},"excerpt":{"rendered":"<p>Cenevre&#8217;de Suriyeliler aras\u0131ndaki dolayl\u0131 diyalog g\u00f6r\u00fc\u015fmelerinde Suriye Arap Cumhuriyeti heyeti ba\u015fkan\u0131 Caferi bug\u00fcn heyetin BM genel sekreterinin Suriye \u00f6zel temsilcisi Staffan de Mistura ile ikinci toplant\u0131s\u0131 ard\u0131ndan yapt\u0131\u011f\u0131 bas\u0131n a\u00e7\u0131klamalar\u0131nda; \u2018Riyad muhalefeti\u2019 heyetinin g\u00f6r\u00fc\u015fmelere kat\u0131l\u0131m\u0131n\u0131 ask\u0131ya al\u0131p Cenevre&#8217;den ayr\u0131lmadan \u00f6nce bulunduklar\u0131 tehditlerin, ter\u00f6r edatlar\u0131 arac\u0131l\u0131\u011f\u0131 ile Halep Kentine geli\u015fig\u00fczel f\u00fcze sald\u0131r\u0131lar\u0131 ve \u015eam k\u0131rsal\u0131n\u0131n Diyyabiye &hellip;<\/p>\n","protected":false},"author":1,"featured_media":0,"comment_status":"closed","ping_status":"closed","sticky":false,"template":"","format":"standard","meta":{"footnotes":""},"categories":[17991],"tags":[],"class_list":["post-70594","post","type-post","status-publish","format-standard","","category-son-dakika"],"_links":{"self":[{"href":"https:\/\/archive.sana.sy\/tr\/index.php?rest_route=\/wp\/v2\/posts\/70594","targetHints":{"allow":["GET"]}}],"collection":[{"href":"https:\/\/archive.sana.sy\/tr\/index.php?rest_route=\/wp\/v2\/posts"}],"about":[{"href":"https:\/\/archive.sana.sy\/tr\/index.php?rest_route=\/wp\/v2\/types\/post"}],"author":[{"embeddable":true,"href":"https:\/\/archive.sana.sy\/tr\/index.php?rest_route=\/wp\/v2\/users\/1"}],"replies":[{"embeddable":true,"href":"https:\/\/archive.sana.sy\/tr\/index.php?rest_route=%2Fwp%2Fv2%2Fcomments&post=70594"}],"version-history":[{"count":0,"href":"https:\/\/archive.sana.sy\/tr\/index.php?rest_route=\/wp\/v2\/posts\/70594\/revisions"}],"wp:attachment":[{"href":"https:\/\/archive.sana.sy\/tr\/index.php?rest_route=%2Fwp%2Fv2%2Fmedia&parent=70594"}],"wp:term":[{"taxonomy":"category","embeddable":true,"href":"https:\/\/archive.sana.sy\/tr\/index.php?rest_route=%2Fwp%2Fv2%2Fcategories&post=70594"},{"taxonomy":"post_tag","embeddable":true,"href":"https:\/\/archive.sana.sy\/tr\/index.php?rest_route=%2Fwp%2Fv2%2Ftags&post=70594"}],"curies":[{"name":"wp","href":"https:\/\/api.w.org\/{rel}","templated":true}]}}