{"id":70609,"date":"2016-04-25T17:40:19","date_gmt":"2016-04-25T14:40:19","guid":{"rendered":"http:\/\/sana.sy\/tr\/?p=70609"},"modified":"2016-04-26T15:33:27","modified_gmt":"2016-04-26T12:33:27","slug":"riyad-muhalefeti-ve-isverenleri-tehditlerini-sivillere-saldirilarla-pratige-doktuler","status":"publish","type":"post","link":"https:\/\/archive.sana.sy\/tr\/?p=70609","title":{"rendered":"\u2018Riyad Muhalefeti\u2019 ve \u0130\u015fverenleri, Tehditlerini Sivillere Sald\u0131r\u0131larla Prati\u011fe D\u00f6kt\u00fcler(video)"},"content":{"rendered":"<p>CENEVRE \u2013 Cenevre&#8217;de Suriyeliler aras\u0131ndaki dolayl\u0131 diyalog g\u00f6r\u00fc\u015fmelerinde Suriye Arap Cumhuriyeti heyeti ba\u015fkan\u0131 Caferi bug\u00fcn heyetin BM genel sekreterinin Suriye \u00f6zel temsilcisi Staffan de Mistura ile ikinci toplant\u0131s\u0131 ard\u0131ndan bas\u0131n a\u00e7\u0131klamalar\u0131nda bulundu.<\/p>\n<p>Caferi bas\u0131n a\u00e7\u0131klamalar\u0131nda; \u2018Riyad muhalefeti\u2019 heyetinin g\u00f6r\u00fc\u015fmelere kat\u0131l\u0131m\u0131n\u0131 ask\u0131ya al\u0131p Cenevre&#8217;den ayr\u0131lmadan \u00f6nce ter\u00f6r eylemlerini t\u0131rmand\u0131rmakla a\u00e7\u0131k\u00e7a bulunduklar\u0131 tehditlere dikkat \u00e7ekti.<\/p>\n<p>Caferi s\u00f6z \u2018muhalifler\u2019 olarak adland\u0131r\u0131lan ve d\u0131\u015f g\u00fc\u00e7lerin patronajl\u0131\u011f\u0131ndaki bu heyetin tehditlerini Suriye&#8217;de ter\u00f6r edatlar\u0131 arac\u0131l\u0131\u011f\u0131 ile Halep Kentine geli\u015fig\u00fczel f\u00fcze sald\u0131r\u0131lar\u0131yla birlikte \u015eam k\u0131rsal\u0131n\u0131n Diyyabiye Beldesi giri\u015finde ger\u00e7ekle\u015ftirdikleri bombal\u0131 eylemle prati\u011fe d\u00f6kt\u00fc\u011f\u00fcn\u00fc belirtirken bu sald\u0131r\u0131larda aralar\u0131nda \u00e7ocuk ve kad\u0131nlar\u0131n bulundu\u011fu onlarca vatanda\u015f\u0131n \u015fehit, onlarcas\u0131n\u0131n da yaral\u0131 d\u00fc\u015ft\u00fcklerine vurgu yapt\u0131. \u2018Riyad muhalefeti\u2019 heyetinin Cenevre&#8217;de yapt\u0131klar\u0131 a\u00e7\u0131klamalar ve ter\u00f6r gruplar\u0131 arac\u0131l\u0131\u011f\u0131yla sivillere y\u00f6nelik sald\u0131r\u0131lar\u0131n\u0131 t\u0131rmand\u0131rmalar\u0131n\u0131n temel amac\u0131n\u0131n Cenevre\u2019de siyasi s\u00fcreci sabote etmek ve bu s\u00fcrece d\u0131\u015f m\u00fcdahale kap\u0131lar\u0131n\u0131 a\u00e7mak oldu\u011funu ifade eden Caferi, t\u00fcm bunlar\u0131n bu heyetin i\u015fverenleri taraf\u0131ndan planlan\u0131p talimatlar\u0131 verildi\u011fini belirtti.<\/p>\n<p>Caferi \u2018Riyad muhalefeti\u2019 heyetinin i\u015fverenlerinin y\u00f6nlendirmeleriyle Cenevre&#8217;den ayr\u0131lmadan \u00f6nce a\u00e7\u0131k ve net bir \u015fekilde silahl\u0131 gruplar\u0131ndan ter\u00f6r sald\u0131r\u0131lar\u0131n\u0131 t\u0131rmand\u0131rmalar\u0131, sivil b\u00f6lgelere ve Suriye ordusuna kar\u015f\u0131 eylemlerini artt\u0131rmalar\u0131 ve \u00e7at\u0131\u015fmalar\u0131 durdurma anla\u015fmas\u0131n\u0131 ihlal etmeleri konusunda net talimatlar verdiklerine dikkat \u00e7ekti. Dolay\u0131s\u0131yla Halep\u2019te T\u00fcrkiye \u0130stihbarat\u0131 taraf\u0131ndan y\u00f6nlendirilen \u2018Ahrar el \u015eam \u0130slami Hareketi ve \u015eam k\u0131rsal\u0131nda Suudi Arabistan taraf\u0131ndan y\u00f6nlendirilen \u2018\u0130slam Ordusu\u2019 adl\u0131 \u00f6rg\u00fctlerin ter\u00f6r eylemlerini t\u0131rmand\u0131rmalar\u0131n\u0131n garip bir durum olmad\u0131\u011f\u0131n\u0131 belirten Caferi; \u2018Riyad muhalefeti\u2019 heyetinin de T\u00fcrkiye ve Suudi Arabistan rejimleri taraf\u0131ndan y\u00f6nlendirilip hareket ettirildiklerini s\u00f6yledi.<\/p>\n<p>Caferi sonu\u00e7 itibar\u0131yla Suriye&#8217;de ter\u00f6r\u00fc t\u0131rmand\u0131rman\u0131n siyasi boyutlar\u0131 oldu\u011funa vurgu yaparken, ba\u015fka bir de\u011fi\u015fle ter\u00f6r \u00f6rg\u00fctlerin d\u0131\u015f g\u00fc\u00e7lerin talimat ve y\u00f6nlendirmeleriyle sald\u0131r\u0131lar\u0131n\u0131 artt\u0131rd\u0131klar\u0131n\u0131 s\u00f6yledi.<\/p>\n<p>Suudi Arabistan ve \u00dcrd\u00fcn rejimlerinin Viyana ve M\u00fcnih toplant\u0131lar\u0131nda kendilerine verilen g\u00f6revi yerine getirmediklerine dikkat \u00e7eken Caferi; g\u00fcn\u00fcm\u00fczde ya\u015fanan durumun nedeninin de bu oldu\u011funu s\u00f6zlerine ekledi.<\/p>\n<p>De Mistura ile toplant\u0131 konusunda ise Caferi; Suriye heyetinin de Mistura\u2019ya kendisinin sundu\u011fu 12 maddeden ibaret belgeye Suriye&#8217;nin bulundu\u011fu anayasal de\u011fi\u015fiklikleri takdim etti\u011fini ve bu de\u011fi\u015fiklikleri bu belgenin b\u00f6l\u00fcnmez bir par\u00e7as\u0131 olarak sayd\u0131\u011f\u0131n\u0131 a\u00e7\u0131klad\u0131.<\/p>\n<p>Suriye Arap Cumhuriyeti heyetinin de Mistura ile ilk toplant\u0131s\u0131 \u00f6ncesinde a\u00e7\u0131klama yapan heyet ba\u015fkan\u0131 Caferi; bug\u00fcnk\u00fc oturumda Suriye\u2019nin, de Mistura\u2019n\u0131n takdim etti\u011fi 12 noktadan ibaret belgeye yapt\u0131\u011f\u0131 de\u011fi\u015fikliklere odaklan\u0131laca\u011f\u0131n\u0131 a\u00e7\u0131klam\u0131\u015ft\u0131. Caferi ter\u00f6ristlerin bug\u00fcn \u015eam k\u0131rsal\u0131n\u0131n g\u00fcneyi Diyyabiye Beldesi giri\u015finde ger\u00e7ekle\u015ftirdikleri bombal\u0131 ter\u00f6r eyleminin, Cenevre\u2019de muhalefet ad\u0131 alt\u0131nda g\u00f6r\u00fc\u015fmelere kat\u0131lan ve sonra \u00e7ekilme karar\u0131 alanlar\u0131n ter\u00f6rist olduklar\u0131n\u0131, i\u015fverenlerinin de ter\u00f6r destek\u00e7ileri olduklar\u0131n\u0131 net bir \u015fekilde kan\u0131tlad\u0131\u011f\u0131n\u0131 belirtmi\u015fti.<\/p>\n<p>https:\/\/youtu.be\/ZQdXx7jVvzU<\/p>\n<p>https:\/\/youtu.be\/NDFT1-F30sM<\/p>\n<p>R.H.<\/p>\n","protected":false},"excerpt":{"rendered":"<p>CENEVRE \u2013 Cenevre&#8217;de Suriyeliler aras\u0131ndaki dolayl\u0131 diyalog g\u00f6r\u00fc\u015fmelerinde Suriye Arap Cumhuriyeti heyeti ba\u015fkan\u0131 Caferi bug\u00fcn heyetin BM genel sekreterinin Suriye \u00f6zel temsilcisi Staffan de Mistura ile ikinci toplant\u0131s\u0131 ard\u0131ndan bas\u0131n a\u00e7\u0131klamalar\u0131nda bulundu. Caferi bas\u0131n a\u00e7\u0131klamalar\u0131nda; \u2018Riyad muhalefeti\u2019 heyetinin g\u00f6r\u00fc\u015fmelere kat\u0131l\u0131m\u0131n\u0131 ask\u0131ya al\u0131p Cenevre&#8217;den ayr\u0131lmadan \u00f6nce ter\u00f6r eylemlerini t\u0131rmand\u0131rmakla a\u00e7\u0131k\u00e7a bulunduklar\u0131 tehditlere dikkat \u00e7ekti. Caferi s\u00f6z &hellip;<\/p>\n","protected":false},"author":1,"featured_media":70614,"comment_status":"closed","ping_status":"closed","sticky":false,"template":"","format":"standard","meta":{"footnotes":""},"categories":[458,459,17988],"tags":[20728,20730,20729],"class_list":["post-70609","post","type-post","status-publish","format-standard","has-post-thumbnail","","category-dunya1","category-haberler-arap-uluslararasi-politika","category-son-haberler","tag-riyad-muhalefeti-ve-isverenleri","tag-riyad-muhalefeti-heyetinin-gorusmelere-katilimini-askiya-alip-cenevreden-ayrilmadan-once","tag-tehditlerini-sivillere-saldirilarla-pratige-doktuler"],"_links":{"self":[{"href":"https:\/\/archive.sana.sy\/tr\/index.php?rest_route=\/wp\/v2\/posts\/70609","targetHints":{"allow":["GET"]}}],"collection":[{"href":"https:\/\/archive.sana.sy\/tr\/index.php?rest_route=\/wp\/v2\/posts"}],"about":[{"href":"https:\/\/archive.sana.sy\/tr\/index.php?rest_route=\/wp\/v2\/types\/post"}],"author":[{"embeddable":true,"href":"https:\/\/archive.sana.sy\/tr\/index.php?rest_route=\/wp\/v2\/users\/1"}],"replies":[{"embeddable":true,"href":"https:\/\/archive.sana.sy\/tr\/index.php?rest_route=%2Fwp%2Fv2%2Fcomments&post=70609"}],"version-history":[{"count":0,"href":"https:\/\/archive.sana.sy\/tr\/index.php?rest_route=\/wp\/v2\/posts\/70609\/revisions"}],"wp:featuredmedia":[{"embeddable":true,"href":"https:\/\/archive.sana.sy\/tr\/index.php?rest_route=\/wp\/v2\/media\/70614"}],"wp:attachment":[{"href":"https:\/\/archive.sana.sy\/tr\/index.php?rest_route=%2Fwp%2Fv2%2Fmedia&parent=70609"}],"wp:term":[{"taxonomy":"category","embeddable":true,"href":"https:\/\/archive.sana.sy\/tr\/index.php?rest_route=%2Fwp%2Fv2%2Fcategories&post=70609"},{"taxonomy":"post_tag","embeddable":true,"href":"https:\/\/archive.sana.sy\/tr\/index.php?rest_route=%2Fwp%2Fv2%2Ftags&post=70609"}],"curies":[{"name":"wp","href":"https:\/\/api.w.org\/{rel}","templated":true}]}}