{"id":70678,"date":"2016-04-26T10:07:32","date_gmt":"2016-04-26T07:07:32","guid":{"rendered":"http:\/\/www.sana.sy\/tr\/?p=70678"},"modified":"2016-04-26T13:40:57","modified_gmt":"2016-04-26T10:40:57","slug":"askeri-kaynak-sanaya-aciklamasinda-hava-guclerimizin-homs-kirsalinin-dogusu-tedmur-kentinin-kuzeyi-ve-dogusunda-iside-ait-bir-kismi-agir-silahlarla-donatilmis-cephane-ve-terorist-tas","status":"publish","type":"post","link":"https:\/\/archive.sana.sy\/tr\/?p=70678","title":{"rendered":"Askeri kaynak SANA\u2019ya a\u00e7\u0131klamas\u0131nda hava g\u00fc\u00e7lerimizin Homs k\u0131rsal\u0131n\u0131n do\u011fusu Tedmur Kentinin kuzeyi ve do\u011fusunda I\u015e\u0130D\u2019e ait bir k\u0131sm\u0131 a\u011f\u0131r silahlarla donat\u0131lm\u0131\u015f cephane ve ter\u00f6rist ta\u015f\u0131yan bir\u00e7ok arac\u0131 y\u00fckleriyle birlikte imha ettiklerini belirtti"},"content":{"rendered":"<p>Askeri kaynak SANA\u2019ya a\u00e7\u0131klamas\u0131nda hava g\u00fc\u00e7lerimizin Homs k\u0131rsal\u0131n\u0131n do\u011fusu Tedmur Kentinin kuzeyi ve do\u011fusunda I\u015e\u0130D\u2019e ait bir k\u0131sm\u0131 a\u011f\u0131r silahlarla donat\u0131lm\u0131\u015f cephane ve ter\u00f6rist ta\u015f\u0131yan bir\u00e7ok arac\u0131 y\u00fckleriyle birlikte imha ettiklerini belirtti<\/p>\n","protected":false},"excerpt":{"rendered":"<p>Askeri kaynak SANA\u2019ya a\u00e7\u0131klamas\u0131nda hava g\u00fc\u00e7lerimizin Homs k\u0131rsal\u0131n\u0131n do\u011fusu Tedmur Kentinin kuzeyi ve do\u011fusunda I\u015e\u0130D\u2019e ait bir k\u0131sm\u0131 a\u011f\u0131r silahlarla donat\u0131lm\u0131\u015f cephane ve ter\u00f6rist ta\u015f\u0131yan bir\u00e7ok arac\u0131 y\u00fckleriyle birlikte imha ettiklerini belirtti<\/p>\n","protected":false},"author":1,"featured_media":0,"comment_status":"closed","ping_status":"closed","sticky":false,"template":"","format":"standard","meta":{"footnotes":""},"categories":[17991],"tags":[],"class_list":["post-70678","post","type-post","status-publish","format-standard","","category-son-dakika"],"_links":{"self":[{"href":"https:\/\/archive.sana.sy\/tr\/index.php?rest_route=\/wp\/v2\/posts\/70678","targetHints":{"allow":["GET"]}}],"collection":[{"href":"https:\/\/archive.sana.sy\/tr\/index.php?rest_route=\/wp\/v2\/posts"}],"about":[{"href":"https:\/\/archive.sana.sy\/tr\/index.php?rest_route=\/wp\/v2\/types\/post"}],"author":[{"embeddable":true,"href":"https:\/\/archive.sana.sy\/tr\/index.php?rest_route=\/wp\/v2\/users\/1"}],"replies":[{"embeddable":true,"href":"https:\/\/archive.sana.sy\/tr\/index.php?rest_route=%2Fwp%2Fv2%2Fcomments&post=70678"}],"version-history":[{"count":0,"href":"https:\/\/archive.sana.sy\/tr\/index.php?rest_route=\/wp\/v2\/posts\/70678\/revisions"}],"wp:attachment":[{"href":"https:\/\/archive.sana.sy\/tr\/index.php?rest_route=%2Fwp%2Fv2%2Fmedia&parent=70678"}],"wp:term":[{"taxonomy":"category","embeddable":true,"href":"https:\/\/archive.sana.sy\/tr\/index.php?rest_route=%2Fwp%2Fv2%2Fcategories&post=70678"},{"taxonomy":"post_tag","embeddable":true,"href":"https:\/\/archive.sana.sy\/tr\/index.php?rest_route=%2Fwp%2Fv2%2Ftags&post=70678"}],"curies":[{"name":"wp","href":"https:\/\/api.w.org\/{rel}","templated":true}]}}