{"id":7071,"date":"2014-08-12T13:03:06","date_gmt":"2014-08-12T10:03:06","guid":{"rendered":"http:\/\/www.sana.sy\/tr\/?p=7071"},"modified":"2014-08-12T13:03:06","modified_gmt":"2014-08-12T10:03:06","slug":"irak-gucleri-muhtelif-bolgelerde-onlarca-teroristi-oldurdu","status":"publish","type":"post","link":"https:\/\/archive.sana.sy\/tr\/?p=7071","title":{"rendered":"Irak G\u00fc\u00e7leri Muhtelif B\u00f6lgelerde onlarca ter\u00f6risti \u00d6ld\u00fcrd\u00fc"},"content":{"rendered":"<p>BA\u011eDAT \u2013 Irak\u2019\u0131 ter\u00f6r ve ter\u00f6ristlerden kurtarma y\u00f6n\u00fcndeki askeri operasyonlar\u0131n\u0131 s\u00fcrd\u00fcren Irak Silahl\u0131 Kuvvetleri Ba\u015fkent Ba\u011fdat\u2019ta bir ter\u00f6r yuvas\u0131 tutuklad\u0131, Diyala, Salahuddin, Enbar ve Babil\u2019de onlarca ter\u00f6risti \u00f6ld\u00fcrd\u00fc, ellerindeki ara\u00e7lar\u0131n\u0131 imha ederek silah ve cephanelerine de el koydu.<\/p>\n<p>Irak i\u00e7i\u015fleri Bakanl\u0131\u011f\u0131 sitesi Albay Saad Maan\u2019dan naklen, Federal Polis \u0130stihbarat Sisteminin Federal Polisin i\u015fbirli\u011fiyle Ba\u015fkent Ba\u011fdat\u2019ta masum sivil insanlar\u0131 hedef ald\u0131\u011f\u0131 muhtelif t\u00fcrlerde bombal\u0131 ara\u00e7lar\u0131 patlatma eylemleri d\u00fczenledi\u011fini itiraf eden bir ter\u00f6r yuvas\u0131n\u0131 tutuklad\u0131\u011f\u0131n\u0131 s\u00f6yledi.<\/p>\n<p>Maan, g\u00fcvenlik g\u00fc\u00e7lerinin Ba\u011fdat\u2019\u0131n kuzeybat\u0131s\u0131ndaki Dabitiye b\u00f6lgesinde a\u011f\u0131r taramal\u0131 bir silah\u0131n monte dildi\u011fi bir arac\u0131 imha etti\u011fini i\u00e7indeki ter\u00f6ristleri de \u00f6ld\u00fcrd\u00fcklerini belirtti.<\/p>\n<p>\u0130\u00e7i\u015fleri Bakanl\u0131\u011f\u0131 ter\u00f6ristlerin daha fazla masum insan\u0131n kan\u0131n\u0131 ak\u0131tmaktan al\u0131koyulmas\u0131 i\u00e7in ticari mahal sahiplerinden g\u00fcvenlik g\u00fc\u00e7lerinin i\u015flerini kolayla\u015ft\u0131rmak amac\u0131yla i\u015fyerlerine kamera takmaya \u00e7a\u011f\u0131rd\u0131.<\/p>\n<p>Kendi y\u00f6n\u00fcnden Korgeneral Abdulemir el Zeydi yapt\u0131\u011f\u0131 bas\u0131n a\u00e7\u0131klamas\u0131nda, Irak\u2019\u0131n do\u011fusundaki Diyala kentine kom\u015fu el Azm Nahiyesi ve kom\u015fu k\u00f6ylerin temizlendi\u011fini belirtti.<\/p>\n<p>El Zeydi, Halk\u0131n yard\u0131mlar\u0131yla g\u00fcvenlik g\u00fc\u00e7lerinin el Azm Nahiyesi ve civar k\u00f6yleri temizlediklerini operasyonlarda Kaide\u2019ye ba\u011fl\u0131 s\u00f6zde Irak ve \u015eam Devleti ter\u00f6ristlerinden 89 ter\u00f6ristin \u00f6ld\u00fcr\u00fcld\u00fc\u011f\u00fcne i\u015faret etti.<\/p>\n<p>El Zeydi, s\u00f6z konusu operasyonlarda a\u011f\u0131r taramal\u0131 silahlar\u0131n bulundu\u011fu 3 arac\u0131 imha ettiklerini 32 bomba d\u00fczene\u011finin de etkisiz hale getirildi\u011fini s\u00f6yledi.<\/p>\n<p>Irak askeri kaynaklar\u0131, ordu ve polis g\u00fc\u00e7lerinin kat\u0131l\u0131m\u0131yla Enbar\u2019da temizlik operasyonlar\u0131n\u0131n ba\u015flad\u0131\u011f\u0131n\u0131, Ramadi\u2019nin Temim ve 5 Kilo B\u00f6lgelerinde ter\u00f6r \u00e7etelerine y\u00f6nelik askeri operasyonlar\u0131n ba\u015flat\u0131ld\u0131\u011f\u0131n\u0131 s\u00f6yledi. Kaynaklar, Ramadi kentinin bat\u0131s\u0131nda ter\u00f6r h\u00fccrelerinin istihbarat bilgilerine dayanarak hedef al\u0131nd\u0131\u011f\u0131n\u0131 s\u00f6yledi.<\/p>\n<p>Kaynaklar, Enbar\u2019\u0131n bat\u0131s\u0131ndaki Hadise\u2019de Irak ve \u015fam Devleti adl\u0131 ter\u00f6r \u00f6tg\u00fct\u00fcnden iki Irakl\u0131 ve Bir Suudili ter\u00f6r eleba\u015f\u0131n\u0131n \u00f6ld\u00fcr\u00fcld\u00fc\u011f\u00fcn\u00fc ifade etti.<\/p>\n<p>Kaynaklar, Kerme\u2019de s\u00f6zde \u201c\u015feriat mahkemesi\u201d adl\u0131 ter\u00f6ristlerin merkezinin Irak sava\u015f u\u00e7aklar\u0131 taraf\u0131ndan hedef al\u0131nd\u0131\u011f\u0131n\u0131 bunun sonucunda 9 ter\u00f6rist eleba\u015f\u0131n\u0131n \u00f6ld\u00fcr\u00fcld\u00fc\u011f\u00fcn\u00fc s\u00f6yledi.<\/p>\n<p>Babil kentindeyse bir g\u00fcvenlik kayna\u011f\u0131 Sunaydic b\u00f6lgesinde ter\u00f6ristlerle ya\u015fanan \u00e7at\u0131\u015fmalarda ellerinde \u0130srail yap\u0131m\u0131 silahlarla harita ve planlar\u0131n bulundu\u011fu en az 20 ter\u00f6ristin \u00f6ld\u00fcr\u00fcld\u00fc\u011f\u00fcn\u00fc ifade etti.<\/p>\n<p>&nbsp;<\/p>\n","protected":false},"excerpt":{"rendered":"<p>BA\u011eDAT \u2013 Irak\u2019\u0131 ter\u00f6r ve ter\u00f6ristlerden kurtarma y\u00f6n\u00fcndeki askeri operasyonlar\u0131n\u0131 s\u00fcrd\u00fcren Irak Silahl\u0131 Kuvvetleri Ba\u015fkent Ba\u011fdat\u2019ta bir ter\u00f6r yuvas\u0131 tutuklad\u0131, Diyala, Salahuddin, Enbar ve Babil\u2019de onlarca ter\u00f6risti \u00f6ld\u00fcrd\u00fc, ellerindeki ara\u00e7lar\u0131n\u0131 imha ederek silah ve cephanelerine de el koydu. Irak i\u00e7i\u015fleri Bakanl\u0131\u011f\u0131 sitesi Albay Saad Maan\u2019dan naklen, Federal Polis \u0130stihbarat Sisteminin Federal Polisin i\u015fbirli\u011fiyle Ba\u015fkent Ba\u011fdat\u2019ta &hellip;<\/p>\n","protected":false},"author":1,"featured_media":7072,"comment_status":"closed","ping_status":"closed","sticky":false,"template":"","format":"standard","meta":{"footnotes":""},"categories":[458,459,447],"tags":[1581],"class_list":["post-7071","post","type-post","status-publish","format-standard","has-post-thumbnail","","category-dunya1","category-haberler-arap-uluslararasi-politika","category-politika","tag-irak-gucleri-muhtelif-bolgelerde-onlarca-teroristi-oldurdu"],"_links":{"self":[{"href":"https:\/\/archive.sana.sy\/tr\/index.php?rest_route=\/wp\/v2\/posts\/7071","targetHints":{"allow":["GET"]}}],"collection":[{"href":"https:\/\/archive.sana.sy\/tr\/index.php?rest_route=\/wp\/v2\/posts"}],"about":[{"href":"https:\/\/archive.sana.sy\/tr\/index.php?rest_route=\/wp\/v2\/types\/post"}],"author":[{"embeddable":true,"href":"https:\/\/archive.sana.sy\/tr\/index.php?rest_route=\/wp\/v2\/users\/1"}],"replies":[{"embeddable":true,"href":"https:\/\/archive.sana.sy\/tr\/index.php?rest_route=%2Fwp%2Fv2%2Fcomments&post=7071"}],"version-history":[{"count":0,"href":"https:\/\/archive.sana.sy\/tr\/index.php?rest_route=\/wp\/v2\/posts\/7071\/revisions"}],"wp:featuredmedia":[{"embeddable":true,"href":"https:\/\/archive.sana.sy\/tr\/index.php?rest_route=\/wp\/v2\/media\/7072"}],"wp:attachment":[{"href":"https:\/\/archive.sana.sy\/tr\/index.php?rest_route=%2Fwp%2Fv2%2Fmedia&parent=7071"}],"wp:term":[{"taxonomy":"category","embeddable":true,"href":"https:\/\/archive.sana.sy\/tr\/index.php?rest_route=%2Fwp%2Fv2%2Fcategories&post=7071"},{"taxonomy":"post_tag","embeddable":true,"href":"https:\/\/archive.sana.sy\/tr\/index.php?rest_route=%2Fwp%2Fv2%2Ftags&post=7071"}],"curies":[{"name":"wp","href":"https:\/\/api.w.org\/{rel}","templated":true}]}}