{"id":70711,"date":"2016-04-26T11:44:07","date_gmt":"2016-04-26T08:44:07","guid":{"rendered":"http:\/\/www.sana.sy\/tr\/?p=70711"},"modified":"2016-04-26T14:20:47","modified_gmt":"2016-04-26T11:20:47","slug":"basbakan-yardimcisi-disisleri-ve-gurbetciler-bakani-velid-el-muallim-cezayirde-magrib-afrika-birligi-ve-arap-birligi-islerinden-sorumlu-bakan-abdulkadir-messahel-ve-ona-eslik-eden-heyeti-ile","status":"publish","type":"post","link":"https:\/\/archive.sana.sy\/tr\/?p=70711","title":{"rendered":"Ba\u015fbakan Yard\u0131mc\u0131s\u0131 D\u0131\u015fi\u015fleri ve Gurbet\u00e7iler Bakan\u0131 Velid el Muallim Cezayir\u2019de Ma\u011frib Afrika Birli\u011fi ve Arap Birli\u011fi i\u015flerinden sorumlu bakan Abd\u00fclkadir Messahel ve ona e\u015flik eden heyeti ile g\u00f6r\u00fc\u015fmesinde iki karde\u015f \u00fclkenin tarih boyunca ortak meydan okumalara kar\u015f\u0131 koyduklar\u0131na dikkat \u00e7ekti"},"content":{"rendered":"<p>Ba\u015fbakan Yard\u0131mc\u0131s\u0131 D\u0131\u015fi\u015fleri ve Gurbet\u00e7iler Bakan\u0131 Velid el Muallim Cezayir\u2019de Ma\u011frib Afrika Birli\u011fi ve Arap Birli\u011fi i\u015flerinden sorumlu bakan Abd\u00fclkadir Messahel ve ona e\u015flik eden heyeti ile g\u00f6r\u00fc\u015fmesinde iki karde\u015f \u00fclkenin tarih boyunca ortak meydan okumalara kar\u015f\u0131 koyduklar\u0131na dikkat \u00e7ekti<\/p>\n","protected":false},"excerpt":{"rendered":"<p>Ba\u015fbakan Yard\u0131mc\u0131s\u0131 D\u0131\u015fi\u015fleri ve Gurbet\u00e7iler Bakan\u0131 Velid el Muallim Cezayir\u2019de Ma\u011frib Afrika Birli\u011fi ve Arap Birli\u011fi i\u015flerinden sorumlu bakan Abd\u00fclkadir Messahel ve ona e\u015flik eden heyeti ile g\u00f6r\u00fc\u015fmesinde iki karde\u015f \u00fclkenin tarih boyunca ortak meydan okumalara kar\u015f\u0131 koyduklar\u0131na dikkat \u00e7ekti<\/p>\n","protected":false},"author":1,"featured_media":0,"comment_status":"closed","ping_status":"closed","sticky":false,"template":"","format":"standard","meta":{"footnotes":""},"categories":[17991],"tags":[],"class_list":["post-70711","post","type-post","status-publish","format-standard","","category-son-dakika"],"_links":{"self":[{"href":"https:\/\/archive.sana.sy\/tr\/index.php?rest_route=\/wp\/v2\/posts\/70711","targetHints":{"allow":["GET"]}}],"collection":[{"href":"https:\/\/archive.sana.sy\/tr\/index.php?rest_route=\/wp\/v2\/posts"}],"about":[{"href":"https:\/\/archive.sana.sy\/tr\/index.php?rest_route=\/wp\/v2\/types\/post"}],"author":[{"embeddable":true,"href":"https:\/\/archive.sana.sy\/tr\/index.php?rest_route=\/wp\/v2\/users\/1"}],"replies":[{"embeddable":true,"href":"https:\/\/archive.sana.sy\/tr\/index.php?rest_route=%2Fwp%2Fv2%2Fcomments&post=70711"}],"version-history":[{"count":0,"href":"https:\/\/archive.sana.sy\/tr\/index.php?rest_route=\/wp\/v2\/posts\/70711\/revisions"}],"wp:attachment":[{"href":"https:\/\/archive.sana.sy\/tr\/index.php?rest_route=%2Fwp%2Fv2%2Fmedia&parent=70711"}],"wp:term":[{"taxonomy":"category","embeddable":true,"href":"https:\/\/archive.sana.sy\/tr\/index.php?rest_route=%2Fwp%2Fv2%2Fcategories&post=70711"},{"taxonomy":"post_tag","embeddable":true,"href":"https:\/\/archive.sana.sy\/tr\/index.php?rest_route=%2Fwp%2Fv2%2Ftags&post=70711"}],"curies":[{"name":"wp","href":"https:\/\/api.w.org\/{rel}","templated":true}]}}