{"id":70726,"date":"2016-04-26T15:19:25","date_gmt":"2016-04-26T12:19:25","guid":{"rendered":"http:\/\/sana.sy\/tr\/?p=70726"},"modified":"2016-04-27T15:18:11","modified_gmt":"2016-04-27T12:18:11","slug":"terore-destek-kesilmelidir","status":"publish","type":"post","link":"https:\/\/archive.sana.sy\/tr\/?p=70726","title":{"rendered":"Ter\u00f6re Destek Kesilmelidir"},"content":{"rendered":"<p>\u015eAM \u2013 Halk Meclisi Ba\u015fkan\u0131 Muhammed Cihat el Lahham bug\u00fcn Cezayir\u2019de Ma\u011frib Afrika Birli\u011fi ve Arap Birli\u011fi i\u015flerinden sorumlu bakan Abd\u00fclkadir Messahel ve ona e\u015flik eden heyeti ile Suriye ve b\u00f6lgenin g\u00fcndemini masaya yat\u0131r\u0131rken, Suriye ve halk\u0131na kar\u015f\u0131 be\u015f y\u0131ldan fazla s\u00fcredir uygulanan gayr\u0131 me\u015fru ekonomik yapt\u0131r\u0131mlar\u0131n olumsuz yans\u0131malar\u0131n\u0131 da de\u011ferlendirdi.<\/p>\n<p>G\u00f6r\u00fc\u015fmede t\u00fcm halklar\u0131 tehdit eden tekfirci ter\u00f6re kar\u015f\u0131 m\u00fccadelede muhtelif devletler aras\u0131nda g\u00f6r\u00fc\u015f birli\u011fi ve ortak \u00e7abalar\u0131n olmas\u0131 gerekti\u011fini ifade eden Lahham; T\u00fcrkiye ve kimi Arap devletlerinin dar \u00e7\u0131karlar ve Bat\u0131l\u0131 ajandalar u\u011fruna s\u00f6z konusu ter\u00f6re verdikleri deste\u011fi kesmeleri \u00f6neminin alt\u0131n\u0131 \u00e7izdi.<\/p>\n<p>Messahel\u2019in Cezayir taraf\u0131na ba\u015fkanl\u0131k etti\u011fi Suriye Cezayir k\u00fc\u00e7\u00fclt\u00fclm\u00fc\u015f karma komitesinin iki \u00fclke aras\u0131ndaki ili\u015fkileri muhtelif alanlarda geli\u015ftirme ama\u00e7l\u0131 olarak d\u00fczenledi\u011fi toplant\u0131n\u0131n sonu\u00e7lar\u0131n\u0131n da de\u011ferlendirildi\u011fi g\u00f6r\u00fc\u015fmede iki taraf, Suriye ve Cezayir aras\u0131ndaki ili\u015fkilerin geli\u015ftirilmesinin iki \u00fclke ve halklar\u0131na hizmet edece\u011fini belirtti.<\/p>\n","protected":false},"excerpt":{"rendered":"<p>\u015eAM \u2013 Halk Meclisi Ba\u015fkan\u0131 Muhammed Cihat el Lahham bug\u00fcn Cezayir\u2019de Ma\u011frib Afrika Birli\u011fi ve Arap Birli\u011fi i\u015flerinden sorumlu bakan Abd\u00fclkadir Messahel ve ona e\u015flik eden heyeti ile Suriye ve b\u00f6lgenin g\u00fcndemini masaya yat\u0131r\u0131rken, Suriye ve halk\u0131na kar\u015f\u0131 be\u015f y\u0131ldan fazla s\u00fcredir uygulanan gayr\u0131 me\u015fru ekonomik yapt\u0131r\u0131mlar\u0131n olumsuz yans\u0131malar\u0131n\u0131 da de\u011ferlendirdi. G\u00f6r\u00fc\u015fmede t\u00fcm halklar\u0131 tehdit &hellip;<\/p>\n","protected":false},"author":1,"featured_media":70727,"comment_status":"closed","ping_status":"closed","sticky":false,"template":"","format":"standard","meta":{"footnotes":""},"categories":[479,17988,478],"tags":[],"class_list":["post-70726","post","type-post","status-publish","format-standard","has-post-thumbnail","","category-haberler-yerel","category-son-haberler","category-yerel"],"_links":{"self":[{"href":"https:\/\/archive.sana.sy\/tr\/index.php?rest_route=\/wp\/v2\/posts\/70726","targetHints":{"allow":["GET"]}}],"collection":[{"href":"https:\/\/archive.sana.sy\/tr\/index.php?rest_route=\/wp\/v2\/posts"}],"about":[{"href":"https:\/\/archive.sana.sy\/tr\/index.php?rest_route=\/wp\/v2\/types\/post"}],"author":[{"embeddable":true,"href":"https:\/\/archive.sana.sy\/tr\/index.php?rest_route=\/wp\/v2\/users\/1"}],"replies":[{"embeddable":true,"href":"https:\/\/archive.sana.sy\/tr\/index.php?rest_route=%2Fwp%2Fv2%2Fcomments&post=70726"}],"version-history":[{"count":0,"href":"https:\/\/archive.sana.sy\/tr\/index.php?rest_route=\/wp\/v2\/posts\/70726\/revisions"}],"wp:featuredmedia":[{"embeddable":true,"href":"https:\/\/archive.sana.sy\/tr\/index.php?rest_route=\/wp\/v2\/media\/70727"}],"wp:attachment":[{"href":"https:\/\/archive.sana.sy\/tr\/index.php?rest_route=%2Fwp%2Fv2%2Fmedia&parent=70726"}],"wp:term":[{"taxonomy":"category","embeddable":true,"href":"https:\/\/archive.sana.sy\/tr\/index.php?rest_route=%2Fwp%2Fv2%2Fcategories&post=70726"},{"taxonomy":"post_tag","embeddable":true,"href":"https:\/\/archive.sana.sy\/tr\/index.php?rest_route=%2Fwp%2Fv2%2Ftags&post=70726"}],"curies":[{"name":"wp","href":"https:\/\/api.w.org\/{rel}","templated":true}]}}