{"id":70728,"date":"2016-04-26T15:21:23","date_gmt":"2016-04-26T12:21:23","guid":{"rendered":"http:\/\/sana.sy\/tr\/?p=70728"},"modified":"2016-04-27T15:18:05","modified_gmt":"2016-04-27T12:18:05","slug":"keskin-nisancilar-kadina-ates-acti","status":"publish","type":"post","link":"https:\/\/archive.sana.sy\/tr\/?p=70728","title":{"rendered":"Keskin Ni\u015fanc\u0131lar Kad\u0131na Ate\u015f A\u00e7t\u0131"},"content":{"rendered":"<p>\u0130LLER\u00a0\u2013 \u0130dlib k\u0131rsal\u0131nda Erdo\u011fan ve Al Suud rejimlerinin destekledikleri Nusra Cephesi ve m\u00fcttefikleri di\u011fer ter\u00f6r \u00f6rg\u00fctlerin ablukas\u0131 alt\u0131nda bulunan Fua Beldesinde bir kad\u0131n bug\u00fcn civarda bulunan Benni\u015f Beldesindeki keskin ni\u015fanc\u0131 ter\u00f6ristlerin a\u00e7t\u0131\u011f\u0131 ate\u015f sonucunda a\u011f\u0131r yaral\u0131 d\u00fc\u015ft\u00fc.<\/p>\n<p>Beldeden yerel kaynaklar SANA ile telefon ba\u011flant\u0131s\u0131nda keskin ni\u015fanc\u0131lar\u0131n s\u00fcrekli olarak belde ahalisine \u00e7ocuk kad\u0131n ya da ya\u015fl\u0131 aras\u0131nda fark g\u00f6zetmeksizin ate\u015f a\u00e7t\u0131klar\u0131n\u0131 belirtti.<\/p>\n<p><span style=\"color: #0000ff\">HALEP:<\/span><\/p>\n<p>SANA muhabiri; Halep Kentinde Nusra cephesi ve \u00e7at\u0131s\u0131 alt\u0131nda bulunan ter\u00f6r \u00e7etelerin \u00e7at\u0131\u015fmalar\u0131 durdurma anla\u015fmas\u0131na yeni ihlallerinde 2 vatanda\u015f\u0131n \u015fehit, 6 vatanda\u015f\u0131n da yaral\u0131 d\u00fc\u015ft\u00fc\u011f\u00fcn\u00fc ifade etti.\u200f<\/p>\n","protected":false},"excerpt":{"rendered":"<p>\u0130LLER\u00a0\u2013 \u0130dlib k\u0131rsal\u0131nda Erdo\u011fan ve Al Suud rejimlerinin destekledikleri Nusra Cephesi ve m\u00fcttefikleri di\u011fer ter\u00f6r \u00f6rg\u00fctlerin ablukas\u0131 alt\u0131nda bulunan Fua Beldesinde bir kad\u0131n bug\u00fcn civarda bulunan Benni\u015f Beldesindeki keskin ni\u015fanc\u0131 ter\u00f6ristlerin a\u00e7t\u0131\u011f\u0131 ate\u015f sonucunda a\u011f\u0131r yaral\u0131 d\u00fc\u015ft\u00fc. Beldeden yerel kaynaklar SANA ile telefon ba\u011flant\u0131s\u0131nda keskin ni\u015fanc\u0131lar\u0131n s\u00fcrekli olarak belde ahalisine \u00e7ocuk kad\u0131n ya da ya\u015fl\u0131 &hellip;<\/p>\n","protected":false},"author":1,"featured_media":64624,"comment_status":"closed","ping_status":"closed","sticky":false,"template":"","format":"standard","meta":{"footnotes":""},"categories":[575,17988],"tags":[],"class_list":["post-70728","post","type-post","status-publish","format-standard","has-post-thumbnail","","category-olaylar-ve-gercekler","category-son-haberler"],"_links":{"self":[{"href":"https:\/\/archive.sana.sy\/tr\/index.php?rest_route=\/wp\/v2\/posts\/70728","targetHints":{"allow":["GET"]}}],"collection":[{"href":"https:\/\/archive.sana.sy\/tr\/index.php?rest_route=\/wp\/v2\/posts"}],"about":[{"href":"https:\/\/archive.sana.sy\/tr\/index.php?rest_route=\/wp\/v2\/types\/post"}],"author":[{"embeddable":true,"href":"https:\/\/archive.sana.sy\/tr\/index.php?rest_route=\/wp\/v2\/users\/1"}],"replies":[{"embeddable":true,"href":"https:\/\/archive.sana.sy\/tr\/index.php?rest_route=%2Fwp%2Fv2%2Fcomments&post=70728"}],"version-history":[{"count":0,"href":"https:\/\/archive.sana.sy\/tr\/index.php?rest_route=\/wp\/v2\/posts\/70728\/revisions"}],"wp:featuredmedia":[{"embeddable":true,"href":"https:\/\/archive.sana.sy\/tr\/index.php?rest_route=\/wp\/v2\/media\/64624"}],"wp:attachment":[{"href":"https:\/\/archive.sana.sy\/tr\/index.php?rest_route=%2Fwp%2Fv2%2Fmedia&parent=70728"}],"wp:term":[{"taxonomy":"category","embeddable":true,"href":"https:\/\/archive.sana.sy\/tr\/index.php?rest_route=%2Fwp%2Fv2%2Fcategories&post=70728"},{"taxonomy":"post_tag","embeddable":true,"href":"https:\/\/archive.sana.sy\/tr\/index.php?rest_route=%2Fwp%2Fv2%2Ftags&post=70728"}],"curies":[{"name":"wp","href":"https:\/\/api.w.org\/{rel}","templated":true}]}}