{"id":70739,"date":"2016-04-26T15:30:26","date_gmt":"2016-04-26T12:30:26","guid":{"rendered":"http:\/\/sana.sy\/tr\/?p=70739"},"modified":"2016-04-27T15:17:01","modified_gmt":"2016-04-27T12:17:01","slug":"abdli-senator-erdogan-ve-al-suud-rejimlerinin-suriyeden-talepleri-mantiksizdir","status":"publish","type":"post","link":"https:\/\/archive.sana.sy\/tr\/?p=70739","title":{"rendered":"ABD\u2019li Senat\u00f6r: Erdo\u011fan ve Al Suud Rejimlerinin Suriye&#8217;den Talepleri Mant\u0131ks\u0131zd\u0131r(video)"},"content":{"rendered":"<p>\u015eAM \u2013 Amerika\u2019da Virginia Eyaleti Senat\u00f6r\u00fc Richard H. Dick Black Suriye&#8217;de ya\u015fananlar\u0131n t\u00fcm a\u00e7\u0131kl\u0131\u011f\u0131 ile Suriye halk\u0131 ve me\u015fru h\u00fck\u00fcmetine kar\u015f\u0131 sald\u0131r\u0131larda bulunan ter\u00f6r oldu\u011funu belirtti.<\/p>\n<p>Suriye&#8217;ye 3 g\u00fcn s\u00fcrecek i\u015f gezisinde \u015eam\u2019a ula\u015fmas\u0131 ard\u0131ndan SANA\u2019ya \u00f6zel a\u00e7\u0131klama yapan Senat\u00f6r Black, Suriye&#8217;de kesinlikle \u0131l\u0131ml\u0131 muhaliflerin bulunmad\u0131\u011f\u0131n\u0131 belirtirken, Suriye&#8217;de ya\u015fananlar\u0131n ger\u00e7e\u011fi konusunda ABD halk\u0131n\u0131 ayd\u0131nlatma \u00e7abalar\u0131nda ba\u015far\u0131l\u0131 olma umudunu ifade etti.<\/p>\n<p>Suriye&#8217;de ya\u015fanlar konusunda kas\u0131tl\u0131 ve kas\u0131ts\u0131z \u00e7arp\u0131tmalar\u0131n oldu\u011funu belirten Senat\u00f6r Black; Suriye&#8217;deki krizin Suriye i\u00e7inde de\u011fil, yabanc\u0131 ba\u015fkentlerde ba\u015flad\u0131\u011f\u0131n\u0131n alt\u0131n\u0131 \u00e7izdi. Senat\u00f6r Black Bat\u0131l\u0131 ve b\u00f6lgesel ba\u015fkentlerin yan\u0131 s\u0131ra istihbarat cihazlar\u0131n\u0131n Suriye&#8217;de ya\u015fanan t\u00fcm bu durumlar\u0131 \u00f6nceden planlay\u0131p yo\u011fun haz\u0131rl\u0131klarda bulunduklar\u0131n\u0131 s\u00f6yledi.<\/p>\n<p>Senat\u00f6r Black daha \u00f6nce Suriye&#8217;yi ziyaret etmedi\u011fini fakat Suriye konusunda bir dizi ara\u015ft\u0131rmalarda bulundu\u011funu ifade ederken, Cumhurba\u015fkan\u0131 Be\u015f\u015far el Esad\u2019\u0131n 2014\u2019te Suriye halk\u0131n\u0131n mutlak \u00e7o\u011funlu\u011fu taraf\u0131ndan se\u00e7ilip me\u015fru bir lider oldu\u011fundan emin oldu\u011funu s\u00f6zlerine ekledi. El Esad\u2019\u0131n her a\u00e7\u0131dan modern, demokratik ve laik bir devlet i\u00e7in \u00e7aba harcad\u0131\u011f\u0131ndan da emin oldu\u011funu ifade eden Senat\u00f6r Black; halk\u0131n\u0131n \u00f6zg\u00fcr ve onurlu bir \u015fekilde ya\u015fad\u0131\u011f\u0131, inan\u00e7 ve ibadetlerini istedikleri gibi uygulayacak laik bir ortam i\u00e7inde ya\u015famas\u0131n\u0131 istedi\u011fini de bildi\u011fini kaydetti.<\/p>\n<p>Senat\u00f6r Black tarihi boyunca se\u00e7imleri tan\u0131mayan ve hi\u00e7bir \u015fekilde se\u00e7im yapmayan Suudi Arabistan\u2019\u0131n Suriye&#8217;de se\u00e7imlerin yap\u0131lmas\u0131n\u0131 talep etmesinin mant\u0131kla hi\u00e7bir ilgisi olmad\u0131\u011f\u0131n\u0131 ifade etti. Suriye&#8217;de anayasan\u0131n da de\u011fi\u015ftirilmesini talep etmenin mant\u0131ktan uzak oldu\u011funu s\u00f6yleyen Senat\u00f6r Black; kendisinin Suriye anayasas\u0131n\u0131 yak\u0131ndan inceledi\u011fini, bu anayasan\u0131n \u00f6zellikle kad\u0131n haklar\u0131 ve dini \u00f6zg\u00fcrl\u00fckler ba\u015fta olmak \u00fczere vatanda\u015flar\u0131n haklar\u0131n\u0131 garantiledi\u011fine dikkat \u00e7ekti.<\/p>\n<p>Hi\u00e7bir anayasa ya da insan haklar\u0131na sahip olmayan Suudi rejiminin Suriye anayasas\u0131n\u0131n nesini de\u011fi\u015ftirmek istedi\u011fi sorusunu dile getiren Senat\u00f6r Black; Suudi rejimi ve tarihinin herkes taraf\u0131ndan bilindi\u011fine i\u015faret etti.<\/p>\n<p>T\u00fcrkiye&#8217;de rejim ba\u015fkan\u0131 Erdo\u011fan konusunda ise Senat\u00f6r Black; Erdo\u011fan\u2019\u0131n iktidar\u0131 boyunca anayasa ve kanunlara ihlallerinin yan\u0131 s\u0131ra bas\u0131n ve ifade \u00f6zg\u00fcrl\u00fc\u011f\u00fcndeki dayatmalar\u0131n\u0131n da bilindi\u011fini belirtti. Senat\u00f6r Black; Erdo\u011fan\u2019\u0131n T\u00fcrkiye&#8217;nin g\u00fczel anayasas\u0131n\u0131 baltalamaya \u00e7al\u0131\u015ft\u0131\u011f\u0131n\u0131, amac\u0131n\u0131n Adolf Hitler gibi olup daha fazla otorite sa\u011flamak oldu\u011funu s\u00f6yledi.<\/p>\n<p>https:\/\/youtu.be\/A-pxDhYmJsw<\/p>\n<p>R.H.<\/p>\n","protected":false},"excerpt":{"rendered":"<p>\u015eAM \u2013 Amerika\u2019da Virginia Eyaleti Senat\u00f6r\u00fc Richard H. Dick Black Suriye&#8217;de ya\u015fananlar\u0131n t\u00fcm a\u00e7\u0131kl\u0131\u011f\u0131 ile Suriye halk\u0131 ve me\u015fru h\u00fck\u00fcmetine kar\u015f\u0131 sald\u0131r\u0131larda bulunan ter\u00f6r oldu\u011funu belirtti. Suriye&#8217;ye 3 g\u00fcn s\u00fcrecek i\u015f gezisinde \u015eam\u2019a ula\u015fmas\u0131 ard\u0131ndan SANA\u2019ya \u00f6zel a\u00e7\u0131klama yapan Senat\u00f6r Black, Suriye&#8217;de kesinlikle \u0131l\u0131ml\u0131 muhaliflerin bulunmad\u0131\u011f\u0131n\u0131 belirtirken, Suriye&#8217;de ya\u015fananlar\u0131n ger\u00e7e\u011fi konusunda ABD halk\u0131n\u0131 ayd\u0131nlatma \u00e7abalar\u0131nda &hellip;<\/p>\n","protected":false},"author":1,"featured_media":70776,"comment_status":"closed","ping_status":"closed","sticky":false,"template":"","format":"standard","meta":{"footnotes":""},"categories":[479,17988,2554,2555,478],"tags":[20750,20749],"class_list":["post-70739","post","type-post","status-publish","format-standard","has-post-thumbnail","","category-haberler-yerel","category-son-haberler","category-suriye-ve-dunya","category-suriye-ve-turkiye","category-yerel","tag-abdli-senator-erdogan-ve-al-suud-rejimlerinin-suriyeden-talepleri-mantiksizdir","tag-amerikada-virginia-eyaleti-senatoru-richard-h-dick-black"],"_links":{"self":[{"href":"https:\/\/archive.sana.sy\/tr\/index.php?rest_route=\/wp\/v2\/posts\/70739","targetHints":{"allow":["GET"]}}],"collection":[{"href":"https:\/\/archive.sana.sy\/tr\/index.php?rest_route=\/wp\/v2\/posts"}],"about":[{"href":"https:\/\/archive.sana.sy\/tr\/index.php?rest_route=\/wp\/v2\/types\/post"}],"author":[{"embeddable":true,"href":"https:\/\/archive.sana.sy\/tr\/index.php?rest_route=\/wp\/v2\/users\/1"}],"replies":[{"embeddable":true,"href":"https:\/\/archive.sana.sy\/tr\/index.php?rest_route=%2Fwp%2Fv2%2Fcomments&post=70739"}],"version-history":[{"count":0,"href":"https:\/\/archive.sana.sy\/tr\/index.php?rest_route=\/wp\/v2\/posts\/70739\/revisions"}],"wp:featuredmedia":[{"embeddable":true,"href":"https:\/\/archive.sana.sy\/tr\/index.php?rest_route=\/wp\/v2\/media\/70776"}],"wp:attachment":[{"href":"https:\/\/archive.sana.sy\/tr\/index.php?rest_route=%2Fwp%2Fv2%2Fmedia&parent=70739"}],"wp:term":[{"taxonomy":"category","embeddable":true,"href":"https:\/\/archive.sana.sy\/tr\/index.php?rest_route=%2Fwp%2Fv2%2Fcategories&post=70739"},{"taxonomy":"post_tag","embeddable":true,"href":"https:\/\/archive.sana.sy\/tr\/index.php?rest_route=%2Fwp%2Fv2%2Ftags&post=70739"}],"curies":[{"name":"wp","href":"https:\/\/api.w.org\/{rel}","templated":true}]}}