{"id":70749,"date":"2016-04-26T16:10:05","date_gmt":"2016-04-26T13:10:05","guid":{"rendered":"http:\/\/www.sana.sy\/tr\/?p=70749"},"modified":"2016-04-26T16:10:36","modified_gmt":"2016-04-26T13:10:36","slug":"bu-teror-saldirilarinin-belli-basli-devletlerin-suriyede-siyasi-cozum-ve-catismalari-durdurma-anlasmasini-sabote-etme-amacli-olarak-silahli-gruplara-verilen-talimatlarla-yapildigini-ifade-eden-bakan","status":"publish","type":"post","link":"https:\/\/archive.sana.sy\/tr\/?p=70749","title":{"rendered":"Bu ter\u00f6r sald\u0131r\u0131lar\u0131n\u0131n belli ba\u015fl\u0131 devletlerin Suriye&#8217;de siyasi \u00e7\u00f6z\u00fcm ve \u00e7at\u0131\u015fmalar\u0131 durdurma anla\u015fmas\u0131n\u0131 sabote etme ama\u00e7l\u0131 olarak silahl\u0131 gruplara verilen talimatlarla yap\u0131ld\u0131\u011f\u0131n\u0131 ifade eden bakanl\u0131k; BM ve G\u00fcvenlik Konseyinin ter\u00f6re deste\u011fin kesilmesinde \u00fcst\u00fcne d\u00fc\u015fen sorumluluk ve g\u00f6revi etkin bir \u015fekilde yerine getirmesi \u00f6nemini kaydetti"},"content":{"rendered":"<p>Bu ter\u00f6r sald\u0131r\u0131lar\u0131n\u0131n belli ba\u015fl\u0131 devletlerin Suriye&#8217;de siyasi \u00e7\u00f6z\u00fcm ve \u00e7at\u0131\u015fmalar\u0131 durdurma anla\u015fmas\u0131n\u0131 sabote etme ama\u00e7l\u0131 olarak silahl\u0131 gruplara verilen talimatlarla yap\u0131ld\u0131\u011f\u0131n\u0131 ifade eden bakanl\u0131k; BM ve G\u00fcvenlik Konseyinin ter\u00f6re deste\u011fin kesilmesinde \u00fcst\u00fcne d\u00fc\u015fen sorumluluk ve g\u00f6revi etkin bir \u015fekilde yerine getirmesi \u00f6nemini kaydetti<\/p>\n","protected":false},"excerpt":{"rendered":"<p>Bu ter\u00f6r sald\u0131r\u0131lar\u0131n\u0131n belli ba\u015fl\u0131 devletlerin Suriye&#8217;de siyasi \u00e7\u00f6z\u00fcm ve \u00e7at\u0131\u015fmalar\u0131 durdurma anla\u015fmas\u0131n\u0131 sabote etme ama\u00e7l\u0131 olarak silahl\u0131 gruplara verilen talimatlarla yap\u0131ld\u0131\u011f\u0131n\u0131 ifade eden bakanl\u0131k; BM ve G\u00fcvenlik Konseyinin ter\u00f6re deste\u011fin kesilmesinde \u00fcst\u00fcne d\u00fc\u015fen sorumluluk ve g\u00f6revi etkin bir \u015fekilde yerine getirmesi \u00f6nemini kaydetti<\/p>\n","protected":false},"author":1,"featured_media":0,"comment_status":"closed","ping_status":"closed","sticky":false,"template":"","format":"standard","meta":{"footnotes":""},"categories":[17991],"tags":[],"class_list":["post-70749","post","type-post","status-publish","format-standard","","category-son-dakika"],"_links":{"self":[{"href":"https:\/\/archive.sana.sy\/tr\/index.php?rest_route=\/wp\/v2\/posts\/70749","targetHints":{"allow":["GET"]}}],"collection":[{"href":"https:\/\/archive.sana.sy\/tr\/index.php?rest_route=\/wp\/v2\/posts"}],"about":[{"href":"https:\/\/archive.sana.sy\/tr\/index.php?rest_route=\/wp\/v2\/types\/post"}],"author":[{"embeddable":true,"href":"https:\/\/archive.sana.sy\/tr\/index.php?rest_route=\/wp\/v2\/users\/1"}],"replies":[{"embeddable":true,"href":"https:\/\/archive.sana.sy\/tr\/index.php?rest_route=%2Fwp%2Fv2%2Fcomments&post=70749"}],"version-history":[{"count":0,"href":"https:\/\/archive.sana.sy\/tr\/index.php?rest_route=\/wp\/v2\/posts\/70749\/revisions"}],"wp:attachment":[{"href":"https:\/\/archive.sana.sy\/tr\/index.php?rest_route=%2Fwp%2Fv2%2Fmedia&parent=70749"}],"wp:term":[{"taxonomy":"category","embeddable":true,"href":"https:\/\/archive.sana.sy\/tr\/index.php?rest_route=%2Fwp%2Fv2%2Fcategories&post=70749"},{"taxonomy":"post_tag","embeddable":true,"href":"https:\/\/archive.sana.sy\/tr\/index.php?rest_route=%2Fwp%2Fv2%2Ftags&post=70749"}],"curies":[{"name":"wp","href":"https:\/\/api.w.org\/{rel}","templated":true}]}}