{"id":70753,"date":"2016-04-26T16:14:28","date_gmt":"2016-04-26T13:14:28","guid":{"rendered":"http:\/\/www.sana.sy\/tr\/?p=70753"},"modified":"2016-04-26T16:14:39","modified_gmt":"2016-04-26T13:14:39","slug":"bakanlik-suriyenin-terore-karsi-savasinda-hicbir-cabadan-geri-kalmamasina-es-zamanli-olarak-suriyeliler-arasinda-ve-suriyelilerin-komutasinda-diyalogla-siyasi-cozum-saglama-cabalarini-da-surdurecegi","status":"publish","type":"post","link":"https:\/\/archive.sana.sy\/tr\/?p=70753","title":{"rendered":"Bakanl\u0131k Suriye&#8217;nin ter\u00f6re kar\u015f\u0131 sava\u015f\u0131nda hi\u00e7bir \u00e7abadan geri kalmamas\u0131na e\u015f zamanl\u0131 olarak Suriyeliler aras\u0131nda ve Suriyelilerin komutas\u0131nda diyalogla siyasi \u00e7\u00f6z\u00fcm sa\u011flama \u00e7abalar\u0131n\u0131 da s\u00fcrd\u00fcrece\u011finin alt\u0131n\u0131 \u00e7izdi"},"content":{"rendered":"<p>Bakanl\u0131k Suriye&#8217;nin ter\u00f6re kar\u015f\u0131 sava\u015f\u0131nda hi\u00e7bir \u00e7abadan geri kalmamas\u0131na e\u015f zamanl\u0131 olarak Suriyeliler aras\u0131nda ve Suriyelilerin komutas\u0131nda diyalogla siyasi \u00e7\u00f6z\u00fcm sa\u011flama \u00e7abalar\u0131n\u0131 da s\u00fcrd\u00fcrece\u011finin alt\u0131n\u0131 \u00e7izdi<\/p>\n","protected":false},"excerpt":{"rendered":"<p>Bakanl\u0131k Suriye&#8217;nin ter\u00f6re kar\u015f\u0131 sava\u015f\u0131nda hi\u00e7bir \u00e7abadan geri kalmamas\u0131na e\u015f zamanl\u0131 olarak Suriyeliler aras\u0131nda ve Suriyelilerin komutas\u0131nda diyalogla siyasi \u00e7\u00f6z\u00fcm sa\u011flama \u00e7abalar\u0131n\u0131 da s\u00fcrd\u00fcrece\u011finin alt\u0131n\u0131 \u00e7izdi<\/p>\n","protected":false},"author":1,"featured_media":0,"comment_status":"closed","ping_status":"closed","sticky":false,"template":"","format":"standard","meta":{"footnotes":""},"categories":[17991],"tags":[],"class_list":["post-70753","post","type-post","status-publish","format-standard","","category-son-dakika"],"_links":{"self":[{"href":"https:\/\/archive.sana.sy\/tr\/index.php?rest_route=\/wp\/v2\/posts\/70753","targetHints":{"allow":["GET"]}}],"collection":[{"href":"https:\/\/archive.sana.sy\/tr\/index.php?rest_route=\/wp\/v2\/posts"}],"about":[{"href":"https:\/\/archive.sana.sy\/tr\/index.php?rest_route=\/wp\/v2\/types\/post"}],"author":[{"embeddable":true,"href":"https:\/\/archive.sana.sy\/tr\/index.php?rest_route=\/wp\/v2\/users\/1"}],"replies":[{"embeddable":true,"href":"https:\/\/archive.sana.sy\/tr\/index.php?rest_route=%2Fwp%2Fv2%2Fcomments&post=70753"}],"version-history":[{"count":0,"href":"https:\/\/archive.sana.sy\/tr\/index.php?rest_route=\/wp\/v2\/posts\/70753\/revisions"}],"wp:attachment":[{"href":"https:\/\/archive.sana.sy\/tr\/index.php?rest_route=%2Fwp%2Fv2%2Fmedia&parent=70753"}],"wp:term":[{"taxonomy":"category","embeddable":true,"href":"https:\/\/archive.sana.sy\/tr\/index.php?rest_route=%2Fwp%2Fv2%2Fcategories&post=70753"},{"taxonomy":"post_tag","embeddable":true,"href":"https:\/\/archive.sana.sy\/tr\/index.php?rest_route=%2Fwp%2Fv2%2Ftags&post=70753"}],"curies":[{"name":"wp","href":"https:\/\/api.w.org\/{rel}","templated":true}]}}