{"id":70764,"date":"2016-04-26T16:29:37","date_gmt":"2016-04-26T13:29:37","guid":{"rendered":"http:\/\/www.sana.sy\/tr\/?p=70764"},"modified":"2016-04-26T16:26:58","modified_gmt":"2016-04-26T13:26:58","slug":"suriye-heyetinin-bugun-duzenlenen-oturumda-de-mistura-baskanligindaki-bm-ekibinin-one-surdugu-tum-sorulari-yanitladigini-ve-ekibin-istedigi-meselelere-aciklama-yaptigini-ifade-eden-caferi-tum-bu-soru","status":"publish","type":"post","link":"https:\/\/archive.sana.sy\/tr\/?p=70764","title":{"rendered":"Suriye heyetinin bug\u00fcn d\u00fczenlenen oturumda de Mistura ba\u015fkanl\u0131\u011f\u0131ndaki BM ekibinin \u00f6ne s\u00fcrd\u00fc\u011f\u00fc t\u00fcm sorular\u0131 yan\u0131tlad\u0131\u011f\u0131n\u0131 ve ekibin istedi\u011fi meselelere a\u00e7\u0131klama yapt\u0131\u011f\u0131n\u0131 ifade eden Caferi; t\u00fcm bu soru ve a\u00e7\u0131klamalarda \u00f6nemli konular ele al\u0131nd\u0131\u011f\u0131n\u0131 a\u00e7\u0131klad\u0131"},"content":{"rendered":"<p>Suriye heyetinin bug\u00fcn d\u00fczenlenen oturumda de Mistura ba\u015fkanl\u0131\u011f\u0131ndaki BM ekibinin \u00f6ne s\u00fcrd\u00fc\u011f\u00fc t\u00fcm sorular\u0131 yan\u0131tlad\u0131\u011f\u0131n\u0131 ve ekibin istedi\u011fi meselelere a\u00e7\u0131klama yapt\u0131\u011f\u0131n\u0131 ifade eden Caferi; t\u00fcm bu soru ve a\u00e7\u0131klamalarda \u00f6nemli konular ele al\u0131nd\u0131\u011f\u0131n\u0131 a\u00e7\u0131klad\u0131<\/p>\n","protected":false},"excerpt":{"rendered":"<p>Suriye heyetinin bug\u00fcn d\u00fczenlenen oturumda de Mistura ba\u015fkanl\u0131\u011f\u0131ndaki BM ekibinin \u00f6ne s\u00fcrd\u00fc\u011f\u00fc t\u00fcm sorular\u0131 yan\u0131tlad\u0131\u011f\u0131n\u0131 ve ekibin istedi\u011fi meselelere a\u00e7\u0131klama yapt\u0131\u011f\u0131n\u0131 ifade eden Caferi; t\u00fcm bu soru ve a\u00e7\u0131klamalarda \u00f6nemli konular ele al\u0131nd\u0131\u011f\u0131n\u0131 a\u00e7\u0131klad\u0131<\/p>\n","protected":false},"author":1,"featured_media":0,"comment_status":"closed","ping_status":"closed","sticky":false,"template":"","format":"standard","meta":{"footnotes":""},"categories":[17991],"tags":[],"class_list":["post-70764","post","type-post","status-publish","format-standard","","category-son-dakika"],"_links":{"self":[{"href":"https:\/\/archive.sana.sy\/tr\/index.php?rest_route=\/wp\/v2\/posts\/70764","targetHints":{"allow":["GET"]}}],"collection":[{"href":"https:\/\/archive.sana.sy\/tr\/index.php?rest_route=\/wp\/v2\/posts"}],"about":[{"href":"https:\/\/archive.sana.sy\/tr\/index.php?rest_route=\/wp\/v2\/types\/post"}],"author":[{"embeddable":true,"href":"https:\/\/archive.sana.sy\/tr\/index.php?rest_route=\/wp\/v2\/users\/1"}],"replies":[{"embeddable":true,"href":"https:\/\/archive.sana.sy\/tr\/index.php?rest_route=%2Fwp%2Fv2%2Fcomments&post=70764"}],"version-history":[{"count":0,"href":"https:\/\/archive.sana.sy\/tr\/index.php?rest_route=\/wp\/v2\/posts\/70764\/revisions"}],"wp:attachment":[{"href":"https:\/\/archive.sana.sy\/tr\/index.php?rest_route=%2Fwp%2Fv2%2Fmedia&parent=70764"}],"wp:term":[{"taxonomy":"category","embeddable":true,"href":"https:\/\/archive.sana.sy\/tr\/index.php?rest_route=%2Fwp%2Fv2%2Fcategories&post=70764"},{"taxonomy":"post_tag","embeddable":true,"href":"https:\/\/archive.sana.sy\/tr\/index.php?rest_route=%2Fwp%2Fv2%2Ftags&post=70764"}],"curies":[{"name":"wp","href":"https:\/\/api.w.org\/{rel}","templated":true}]}}