{"id":70767,"date":"2016-04-26T16:33:43","date_gmt":"2016-04-26T13:33:43","guid":{"rendered":"http:\/\/www.sana.sy\/tr\/?p=70767"},"modified":"2016-04-26T16:29:14","modified_gmt":"2016-04-26T13:29:14","slug":"caferi-ucuncu-tur-gorusmelerinin-tamaminin-genel-olarak-faydali-ve-yapici-oldugunu-belirtirken-suriye-arap-cumhuriyeti-heyetinin-bm-ile-ustune-anlasildigi-gibi-yarin-carsamba-gunu-cenevreden-ayrila","status":"publish","type":"post","link":"https:\/\/archive.sana.sy\/tr\/?p=70767","title":{"rendered":"Caferi \u00fc\u00e7\u00fcnc\u00fc tur g\u00f6r\u00fc\u015fmelerinin tamam\u0131n\u0131n genel olarak faydal\u0131 ve yap\u0131c\u0131 oldu\u011funu belirtirken, Suriye Arap Cumhuriyeti heyetinin BM ile \u00fcst\u00fcne anla\u015f\u0131ld\u0131\u011f\u0131 gibi yar\u0131n \u00c7ar\u015famba g\u00fcn\u00fc Cenevre&#8217;den ayr\u0131laca\u011f\u0131n\u0131 s\u00f6yledi"},"content":{"rendered":"<p>Caferi \u00fc\u00e7\u00fcnc\u00fc tur g\u00f6r\u00fc\u015fmelerinin tamam\u0131n\u0131n genel olarak faydal\u0131 ve yap\u0131c\u0131 oldu\u011funu belirtirken, Suriye Arap Cumhuriyeti heyetinin BM ile \u00fcst\u00fcne anla\u015f\u0131ld\u0131\u011f\u0131 gibi yar\u0131n \u00c7ar\u015famba g\u00fcn\u00fc Cenevre&#8217;den ayr\u0131laca\u011f\u0131n\u0131 s\u00f6yledi<\/p>\n","protected":false},"excerpt":{"rendered":"<p>Caferi \u00fc\u00e7\u00fcnc\u00fc tur g\u00f6r\u00fc\u015fmelerinin tamam\u0131n\u0131n genel olarak faydal\u0131 ve yap\u0131c\u0131 oldu\u011funu belirtirken, Suriye Arap Cumhuriyeti heyetinin BM ile \u00fcst\u00fcne anla\u015f\u0131ld\u0131\u011f\u0131 gibi yar\u0131n \u00c7ar\u015famba g\u00fcn\u00fc Cenevre&#8217;den ayr\u0131laca\u011f\u0131n\u0131 s\u00f6yledi<\/p>\n","protected":false},"author":1,"featured_media":0,"comment_status":"closed","ping_status":"closed","sticky":false,"template":"","format":"standard","meta":{"footnotes":""},"categories":[17991],"tags":[],"class_list":["post-70767","post","type-post","status-publish","format-standard","","category-son-dakika"],"_links":{"self":[{"href":"https:\/\/archive.sana.sy\/tr\/index.php?rest_route=\/wp\/v2\/posts\/70767","targetHints":{"allow":["GET"]}}],"collection":[{"href":"https:\/\/archive.sana.sy\/tr\/index.php?rest_route=\/wp\/v2\/posts"}],"about":[{"href":"https:\/\/archive.sana.sy\/tr\/index.php?rest_route=\/wp\/v2\/types\/post"}],"author":[{"embeddable":true,"href":"https:\/\/archive.sana.sy\/tr\/index.php?rest_route=\/wp\/v2\/users\/1"}],"replies":[{"embeddable":true,"href":"https:\/\/archive.sana.sy\/tr\/index.php?rest_route=%2Fwp%2Fv2%2Fcomments&post=70767"}],"version-history":[{"count":0,"href":"https:\/\/archive.sana.sy\/tr\/index.php?rest_route=\/wp\/v2\/posts\/70767\/revisions"}],"wp:attachment":[{"href":"https:\/\/archive.sana.sy\/tr\/index.php?rest_route=%2Fwp%2Fv2%2Fmedia&parent=70767"}],"wp:term":[{"taxonomy":"category","embeddable":true,"href":"https:\/\/archive.sana.sy\/tr\/index.php?rest_route=%2Fwp%2Fv2%2Fcategories&post=70767"},{"taxonomy":"post_tag","embeddable":true,"href":"https:\/\/archive.sana.sy\/tr\/index.php?rest_route=%2Fwp%2Fv2%2Ftags&post=70767"}],"curies":[{"name":"wp","href":"https:\/\/api.w.org\/{rel}","templated":true}]}}