{"id":70769,"date":"2016-04-26T16:35:54","date_gmt":"2016-04-26T13:35:54","guid":{"rendered":"http:\/\/www.sana.sy\/tr\/?p=70769"},"modified":"2016-04-26T16:30:55","modified_gmt":"2016-04-26T13:30:55","slug":"caferi-oturumda-suriye-heyetinin-ozellikle-teror-konusunda-olmak-uzere-bir-dizi-noktayi-yeniden-dile-getirdigini-soyledi","status":"publish","type":"post","link":"https:\/\/archive.sana.sy\/tr\/?p=70769","title":{"rendered":"Caferi oturumda Suriye heyetinin \u00f6zellikle ter\u00f6r konusunda olmak \u00fczere bir dizi noktay\u0131 yeniden dile getirdi\u011fini s\u00f6yledi"},"content":{"rendered":"<p>Caferi oturumda Suriye heyetinin \u00f6zellikle ter\u00f6r konusunda olmak \u00fczere bir dizi noktay\u0131 yeniden dile getirdi\u011fini s\u00f6yledi<\/p>\n","protected":false},"excerpt":{"rendered":"<p>Caferi oturumda Suriye heyetinin \u00f6zellikle ter\u00f6r konusunda olmak \u00fczere bir dizi noktay\u0131 yeniden dile getirdi\u011fini s\u00f6yledi<\/p>\n","protected":false},"author":1,"featured_media":0,"comment_status":"closed","ping_status":"closed","sticky":false,"template":"","format":"standard","meta":{"footnotes":""},"categories":[17991],"tags":[],"class_list":["post-70769","post","type-post","status-publish","format-standard","","category-son-dakika"],"_links":{"self":[{"href":"https:\/\/archive.sana.sy\/tr\/index.php?rest_route=\/wp\/v2\/posts\/70769","targetHints":{"allow":["GET"]}}],"collection":[{"href":"https:\/\/archive.sana.sy\/tr\/index.php?rest_route=\/wp\/v2\/posts"}],"about":[{"href":"https:\/\/archive.sana.sy\/tr\/index.php?rest_route=\/wp\/v2\/types\/post"}],"author":[{"embeddable":true,"href":"https:\/\/archive.sana.sy\/tr\/index.php?rest_route=\/wp\/v2\/users\/1"}],"replies":[{"embeddable":true,"href":"https:\/\/archive.sana.sy\/tr\/index.php?rest_route=%2Fwp%2Fv2%2Fcomments&post=70769"}],"version-history":[{"count":0,"href":"https:\/\/archive.sana.sy\/tr\/index.php?rest_route=\/wp\/v2\/posts\/70769\/revisions"}],"wp:attachment":[{"href":"https:\/\/archive.sana.sy\/tr\/index.php?rest_route=%2Fwp%2Fv2%2Fmedia&parent=70769"}],"wp:term":[{"taxonomy":"category","embeddable":true,"href":"https:\/\/archive.sana.sy\/tr\/index.php?rest_route=%2Fwp%2Fv2%2Fcategories&post=70769"},{"taxonomy":"post_tag","embeddable":true,"href":"https:\/\/archive.sana.sy\/tr\/index.php?rest_route=%2Fwp%2Fv2%2Ftags&post=70769"}],"curies":[{"name":"wp","href":"https:\/\/api.w.org\/{rel}","templated":true}]}}