{"id":70771,"date":"2016-04-26T16:38:42","date_gmt":"2016-04-26T13:38:42","guid":{"rendered":"http:\/\/www.sana.sy\/tr\/?p=70771"},"modified":"2016-04-26T16:34:15","modified_gmt":"2016-04-26T13:34:15","slug":"de-mistura-ve-ekibinin-teror-destekcileri-devletlerin-siyasi-cozum-cabalari-ve-catismalari-durdurma-anlasmasinin-sabote-edilmesi-konusunda-oynadiklari-role-iliskin-suriyenin-endiselerini-irdeleyip-k","status":"publish","type":"post","link":"https:\/\/archive.sana.sy\/tr\/?p=70771","title":{"rendered":"De Mistura ve ekibinin ter\u00f6r destek\u00e7ileri devletlerin siyasi \u00e7\u00f6z\u00fcm \u00e7abalar\u0131 ve \u00e7at\u0131\u015fmalar\u0131 durdurma anla\u015fmas\u0131n\u0131n sabote edilmesi konusunda oynad\u0131klar\u0131 role ili\u015fkin Suriye&#8217;nin endi\u015felerini irdeleyip kat\u0131ld\u0131\u011f\u0131n\u0131 ifade eden Caferi; bu rol neticesinde ter\u00f6ristlerin muhtelif b\u00f6lgelerde t\u0131rmand\u0131rd\u0131klar\u0131 ter\u00f6r eylemlerinde aralar\u0131nda \u00e7ocuk ve kad\u0131nlar\u0131n bulundu\u011fu onlarca masum sivilin kurban gitti\u011fine vurgu yapt\u0131\u011f\u0131n\u0131 kaydetti"},"content":{"rendered":"<p>De Mistura ve ekibinin ter\u00f6r destek\u00e7ileri devletlerin siyasi \u00e7\u00f6z\u00fcm \u00e7abalar\u0131 ve \u00e7at\u0131\u015fmalar\u0131 durdurma anla\u015fmas\u0131n\u0131n sabote edilmesi konusunda oynad\u0131klar\u0131 role ili\u015fkin Suriye&#8217;nin endi\u015felerini irdeleyip kat\u0131ld\u0131\u011f\u0131n\u0131 ifade eden Caferi; bu rol neticesinde ter\u00f6ristlerin muhtelif b\u00f6lgelerde t\u0131rmand\u0131rd\u0131klar\u0131 ter\u00f6r eylemlerinde aralar\u0131nda \u00e7ocuk ve kad\u0131nlar\u0131n bulundu\u011fu onlarca masum sivilin kurban gitti\u011fine vurgu yapt\u0131\u011f\u0131n\u0131 kaydetti<\/p>\n","protected":false},"excerpt":{"rendered":"<p>De Mistura ve ekibinin ter\u00f6r destek\u00e7ileri devletlerin siyasi \u00e7\u00f6z\u00fcm \u00e7abalar\u0131 ve \u00e7at\u0131\u015fmalar\u0131 durdurma anla\u015fmas\u0131n\u0131n sabote edilmesi konusunda oynad\u0131klar\u0131 role ili\u015fkin Suriye&#8217;nin endi\u015felerini irdeleyip kat\u0131ld\u0131\u011f\u0131n\u0131 ifade eden Caferi; bu rol neticesinde ter\u00f6ristlerin muhtelif b\u00f6lgelerde t\u0131rmand\u0131rd\u0131klar\u0131 ter\u00f6r eylemlerinde aralar\u0131nda \u00e7ocuk ve kad\u0131nlar\u0131n bulundu\u011fu onlarca masum sivilin kurban gitti\u011fine vurgu yapt\u0131\u011f\u0131n\u0131 kaydetti<\/p>\n","protected":false},"author":1,"featured_media":0,"comment_status":"closed","ping_status":"closed","sticky":false,"template":"","format":"standard","meta":{"footnotes":""},"categories":[17991],"tags":[],"class_list":["post-70771","post","type-post","status-publish","format-standard","","category-son-dakika"],"_links":{"self":[{"href":"https:\/\/archive.sana.sy\/tr\/index.php?rest_route=\/wp\/v2\/posts\/70771","targetHints":{"allow":["GET"]}}],"collection":[{"href":"https:\/\/archive.sana.sy\/tr\/index.php?rest_route=\/wp\/v2\/posts"}],"about":[{"href":"https:\/\/archive.sana.sy\/tr\/index.php?rest_route=\/wp\/v2\/types\/post"}],"author":[{"embeddable":true,"href":"https:\/\/archive.sana.sy\/tr\/index.php?rest_route=\/wp\/v2\/users\/1"}],"replies":[{"embeddable":true,"href":"https:\/\/archive.sana.sy\/tr\/index.php?rest_route=%2Fwp%2Fv2%2Fcomments&post=70771"}],"version-history":[{"count":0,"href":"https:\/\/archive.sana.sy\/tr\/index.php?rest_route=\/wp\/v2\/posts\/70771\/revisions"}],"wp:attachment":[{"href":"https:\/\/archive.sana.sy\/tr\/index.php?rest_route=%2Fwp%2Fv2%2Fmedia&parent=70771"}],"wp:term":[{"taxonomy":"category","embeddable":true,"href":"https:\/\/archive.sana.sy\/tr\/index.php?rest_route=%2Fwp%2Fv2%2Fcategories&post=70771"},{"taxonomy":"post_tag","embeddable":true,"href":"https:\/\/archive.sana.sy\/tr\/index.php?rest_route=%2Fwp%2Fv2%2Ftags&post=70771"}],"curies":[{"name":"wp","href":"https:\/\/api.w.org\/{rel}","templated":true}]}}