{"id":70778,"date":"2016-04-26T16:45:16","date_gmt":"2016-04-26T13:45:16","guid":{"rendered":"http:\/\/sana.sy\/tr\/?p=70778"},"modified":"2016-04-27T16:21:53","modified_gmt":"2016-04-27T13:21:53","slug":"ucuncu-tur-gorusmeleri-olumlu-ve-yapiciydi","status":"publish","type":"post","link":"https:\/\/archive.sana.sy\/tr\/?p=70778","title":{"rendered":"\u00dc\u00e7\u00fcnc\u00fc Tur G\u00f6r\u00fc\u015fmeleri Olumlu ve Yap\u0131c\u0131yd\u0131 (video)"},"content":{"rendered":"<p>CENEVRE \u2013 Cenevre&#8217;de Suriyeliler aras\u0131ndaki dolayl\u0131 diyalog g\u00f6r\u00fc\u015fmelerinde Suriye Arap Cumhuriyeti heyetinin bug\u00fcn BM genel sekreterinin Suriye \u00f6zel temsilcisi Staffan de Mistura ve ekibi ile toplant\u0131s\u0131 ard\u0131ndan heyet ba\u015fkan\u0131 Be\u015f\u015far el Caferi bas\u0131na a\u00e7\u0131klama yapt\u0131.<\/p>\n<p>Bas\u0131n a\u00e7\u0131klamas\u0131nda Caferi g\u00f6r\u00fc\u015fmelerin \u00fc\u00e7\u00fcnc\u00fc turu kapsam\u0131nda de Mistura ile heyet aras\u0131nda yap\u0131lan son toplant\u0131y\u0131 olumlu ve verimli olarak nitelendirdi.<\/p>\n<p>Caferi g\u00f6r\u00fc\u015fmelerin bu turunda Suriye heyetinin Suriye ve halk\u0131na hizmet edebilecek t\u00fcm konular\u0131 yine tamamen objektif ve sorumlu bir tutumla tart\u0131\u015ft\u0131\u011f\u0131n\u0131 belirtti.<\/p>\n<p>Suriye heyetinin bug\u00fcn d\u00fczenlenen oturumda de Mistura ba\u015fkanl\u0131\u011f\u0131ndaki BM ekibinin \u00f6ne s\u00fcrd\u00fc\u011f\u00fc t\u00fcm sorular\u0131 yan\u0131tlad\u0131\u011f\u0131n\u0131 ve ekibin istedi\u011fi meselelere a\u00e7\u0131klama yapt\u0131\u011f\u0131n\u0131 ifade eden Caferi; t\u00fcm bu soru ve a\u00e7\u0131klamalarda \u00f6nemli konular ele al\u0131nd\u0131\u011f\u0131n\u0131 a\u00e7\u0131klad\u0131. Caferi oturumda Suriye heyetinin \u00f6zellikle ter\u00f6r konusunda olmak \u00fczere bir dizi noktay\u0131 yeniden dile getirdi\u011fini s\u00f6yledi. De Mistura ve ekibinin ter\u00f6r destek\u00e7ileri devletlerin siyasi \u00e7\u00f6z\u00fcm \u00e7abalar\u0131 ve \u00e7at\u0131\u015fmalar\u0131 durdurma anla\u015fmas\u0131n\u0131n sabote edilmesi konusunda oynad\u0131klar\u0131 role ili\u015fkin Suriye&#8217;nin endi\u015felerini irdeleyip kat\u0131ld\u0131\u011f\u0131n\u0131 ifade eden Caferi; bu rol neticesinde ter\u00f6ristlerin muhtelif b\u00f6lgelerde t\u0131rmand\u0131rd\u0131klar\u0131 ter\u00f6r eylemlerinde aralar\u0131nda \u00e7ocuk ve kad\u0131nlar\u0131n bulundu\u011fu onlarca masum sivilin kurban gitti\u011fine vurgu yapt\u0131\u011f\u0131n\u0131 kaydetti.<\/p>\n<p>Caferi \u00fc\u00e7\u00fcnc\u00fc tur g\u00f6r\u00fc\u015fmelerinin tamam\u0131n\u0131n genel olarak faydal\u0131 ve yap\u0131c\u0131 oldu\u011funu belirtirken, Suriye Arap Cumhuriyeti heyetinin BM ile \u00fcst\u00fcne anla\u015f\u0131ld\u0131\u011f\u0131 gibi yar\u0131n \u00c7ar\u015famba g\u00fcn\u00fc Cenevre&#8217;den ayr\u0131laca\u011f\u0131n\u0131 s\u00f6yledi.<\/p>\n<p>Suriye heyeti d\u00fcn de Mistura ile iki toplant\u0131 d\u00fczenleyerek Suriye\u2019nin, de Mistura\u2019n\u0131n 12 maddeden ibaret belgesine bulundu\u011fu anayasal de\u011fi\u015fiklikleri masaya yat\u0131rm\u0131\u015ft\u0131.<\/p>\n<p>https:\/\/www.youtube.com\/watch?time_continue=53&#038;v=yhhwsnwydSM<\/p>\n","protected":false},"excerpt":{"rendered":"<p>CENEVRE \u2013 Cenevre&#8217;de Suriyeliler aras\u0131ndaki dolayl\u0131 diyalog g\u00f6r\u00fc\u015fmelerinde Suriye Arap Cumhuriyeti heyetinin bug\u00fcn BM genel sekreterinin Suriye \u00f6zel temsilcisi Staffan de Mistura ve ekibi ile toplant\u0131s\u0131 ard\u0131ndan heyet ba\u015fkan\u0131 Be\u015f\u015far el Caferi bas\u0131na a\u00e7\u0131klama yapt\u0131. Bas\u0131n a\u00e7\u0131klamas\u0131nda Caferi g\u00f6r\u00fc\u015fmelerin \u00fc\u00e7\u00fcnc\u00fc turu kapsam\u0131nda de Mistura ile heyet aras\u0131nda yap\u0131lan son toplant\u0131y\u0131 olumlu ve verimli olarak nitelendirdi. &hellip;<\/p>\n","protected":false},"author":1,"featured_media":70783,"comment_status":"closed","ping_status":"closed","sticky":false,"template":"","format":"standard","meta":{"footnotes":""},"categories":[458,459,17988],"tags":[18867,17522,20751],"class_list":["post-70778","post","type-post","status-publish","format-standard","has-post-thumbnail","","category-dunya1","category-haberler-arap-uluslararasi-politika","category-son-haberler","tag-bessar-el-caferi","tag-bm-genel-sekreterinin-suriye-ozel-temsilcisi-staffan-de-mistura","tag-cenevrede-suriyeliler-arasindaki-dolayli-diyalog-gorusmelerinde"],"_links":{"self":[{"href":"https:\/\/archive.sana.sy\/tr\/index.php?rest_route=\/wp\/v2\/posts\/70778","targetHints":{"allow":["GET"]}}],"collection":[{"href":"https:\/\/archive.sana.sy\/tr\/index.php?rest_route=\/wp\/v2\/posts"}],"about":[{"href":"https:\/\/archive.sana.sy\/tr\/index.php?rest_route=\/wp\/v2\/types\/post"}],"author":[{"embeddable":true,"href":"https:\/\/archive.sana.sy\/tr\/index.php?rest_route=\/wp\/v2\/users\/1"}],"replies":[{"embeddable":true,"href":"https:\/\/archive.sana.sy\/tr\/index.php?rest_route=%2Fwp%2Fv2%2Fcomments&post=70778"}],"version-history":[{"count":0,"href":"https:\/\/archive.sana.sy\/tr\/index.php?rest_route=\/wp\/v2\/posts\/70778\/revisions"}],"wp:featuredmedia":[{"embeddable":true,"href":"https:\/\/archive.sana.sy\/tr\/index.php?rest_route=\/wp\/v2\/media\/70783"}],"wp:attachment":[{"href":"https:\/\/archive.sana.sy\/tr\/index.php?rest_route=%2Fwp%2Fv2%2Fmedia&parent=70778"}],"wp:term":[{"taxonomy":"category","embeddable":true,"href":"https:\/\/archive.sana.sy\/tr\/index.php?rest_route=%2Fwp%2Fv2%2Fcategories&post=70778"},{"taxonomy":"post_tag","embeddable":true,"href":"https:\/\/archive.sana.sy\/tr\/index.php?rest_route=%2Fwp%2Fv2%2Ftags&post=70778"}],"curies":[{"name":"wp","href":"https:\/\/api.w.org\/{rel}","templated":true}]}}