{"id":70781,"date":"2016-04-26T14:45:44","date_gmt":"2016-04-26T11:45:44","guid":{"rendered":"http:\/\/sana.sy\/tr\/?p=70781"},"modified":"2016-04-27T16:21:46","modified_gmt":"2016-04-27T13:21:46","slug":"kahramanlarimiz-buyuk-zafere-kararli-ilerleyislerini-surduruyorlar-6","status":"publish","type":"post","link":"https:\/\/archive.sana.sy\/tr\/?p=70781","title":{"rendered":"Kahramanlar\u0131m\u0131z B\u00fcy\u00fck Zafere Kararl\u0131 \u0130lerleyi\u015flerini S\u00fcrd\u00fcr\u00fcyorlar"},"content":{"rendered":"<p>\u0130LLER \u2013 Vatan ve vatanda\u015flar\u0131n maruz kald\u0131\u011f\u0131 \u00e7okuluslu ter\u00f6re kar\u015f\u0131 m\u00fccadelesinde d\u00fcnyan\u0131n takdirini kazanan vatan koruyucular\u0131m\u0131z bug\u00fcn muhtelif b\u00f6lgelerde I\u015e\u0130D ve Nusra Cephesine ait cephanelikler, ara\u00e7 konvoylar\u0131 ve yuvalar\u0131 imha etmeye devam etti.<\/p>\n<p><span style=\"color: #0000ff\">HOMS:<\/span><\/p>\n<p>SANA\u2019ya a\u00e7\u0131klama yapan askeri bir kaynak; hava g\u00fc\u00e7lerimizin Homs k\u0131rsal\u0131n\u0131n do\u011fusu Tedmur Kentinin kuzeyi ve do\u011fusunda I\u015e\u0130D\u2019e ait bir k\u0131sm\u0131 a\u011f\u0131r silahlarla donat\u0131lm\u0131\u015f cephane ve ter\u00f6rist ta\u015f\u0131yan bir\u00e7ok arac\u0131 y\u00fckleriyle birlikte imha ettiklerini ifade etti.<\/p>\n<p>Ordu birliklerimizin Tedmur k\u0131rsal\u0131n\u0131n g\u00fcneydo\u011fusunda Harayib el S\u00fckkeri B\u00f6lgesinden Dahret el Ksayibe y\u00f6n\u00fcne I\u015e\u0130D\u2019li ter\u00f6r gruplar\u0131n\u0131n s\u0131zma giri\u015fimlerini \u00e7\u00f6kerttiklerini belirten kaynak; tekfircileri say\u0131 ve te\u00e7hizatlar\u0131yla a\u011f\u0131r kay\u0131plara u\u011fratt\u0131klar\u0131na dikkat \u00e7ekti.<\/p>\n<p><span style=\"color: #0000ff\">DEYREZZOR:<\/span><\/p>\n<p>\u00d6te yandan askeri kaynak SANA\u2019ya a\u00e7\u0131klamas\u0131nda hava g\u00fc\u00e7lerimizin Deyrezzor Havaliman\u0131n\u0131n g\u00fcneyi ve do\u011fusunda I\u015e\u0130D\u2019e ait bir k\u0131sm\u0131 a\u011f\u0131r silahlarla donat\u0131lm\u0131\u015f cephane ve ter\u00f6rist ta\u015f\u0131yan bir\u00e7ok arac\u0131 y\u00fckleriyle birlikte imha ettiklerini belirtti.<\/p>\n","protected":false},"excerpt":{"rendered":"<p>\u0130LLER \u2013 Vatan ve vatanda\u015flar\u0131n maruz kald\u0131\u011f\u0131 \u00e7okuluslu ter\u00f6re kar\u015f\u0131 m\u00fccadelesinde d\u00fcnyan\u0131n takdirini kazanan vatan koruyucular\u0131m\u0131z bug\u00fcn muhtelif b\u00f6lgelerde I\u015e\u0130D ve Nusra Cephesine ait cephanelikler, ara\u00e7 konvoylar\u0131 ve yuvalar\u0131 imha etmeye devam etti. HOMS: SANA\u2019ya a\u00e7\u0131klama yapan askeri bir kaynak; hava g\u00fc\u00e7lerimizin Homs k\u0131rsal\u0131n\u0131n do\u011fusu Tedmur Kentinin kuzeyi ve do\u011fusunda I\u015e\u0130D\u2019e ait bir k\u0131sm\u0131 a\u011f\u0131r &hellip;<\/p>\n","protected":false},"author":1,"featured_media":55494,"comment_status":"closed","ping_status":"closed","sticky":false,"template":"","format":"standard","meta":{"footnotes":""},"categories":[575,17988],"tags":[752],"class_list":["post-70781","post","type-post","status-publish","format-standard","has-post-thumbnail","","category-olaylar-ve-gercekler","category-son-haberler","tag-kahramanlarimiz-buyuk-zafere-kararli-ilerleyislerini-surduruyorlar"],"_links":{"self":[{"href":"https:\/\/archive.sana.sy\/tr\/index.php?rest_route=\/wp\/v2\/posts\/70781","targetHints":{"allow":["GET"]}}],"collection":[{"href":"https:\/\/archive.sana.sy\/tr\/index.php?rest_route=\/wp\/v2\/posts"}],"about":[{"href":"https:\/\/archive.sana.sy\/tr\/index.php?rest_route=\/wp\/v2\/types\/post"}],"author":[{"embeddable":true,"href":"https:\/\/archive.sana.sy\/tr\/index.php?rest_route=\/wp\/v2\/users\/1"}],"replies":[{"embeddable":true,"href":"https:\/\/archive.sana.sy\/tr\/index.php?rest_route=%2Fwp%2Fv2%2Fcomments&post=70781"}],"version-history":[{"count":0,"href":"https:\/\/archive.sana.sy\/tr\/index.php?rest_route=\/wp\/v2\/posts\/70781\/revisions"}],"wp:featuredmedia":[{"embeddable":true,"href":"https:\/\/archive.sana.sy\/tr\/index.php?rest_route=\/wp\/v2\/media\/55494"}],"wp:attachment":[{"href":"https:\/\/archive.sana.sy\/tr\/index.php?rest_route=%2Fwp%2Fv2%2Fmedia&parent=70781"}],"wp:term":[{"taxonomy":"category","embeddable":true,"href":"https:\/\/archive.sana.sy\/tr\/index.php?rest_route=%2Fwp%2Fv2%2Fcategories&post=70781"},{"taxonomy":"post_tag","embeddable":true,"href":"https:\/\/archive.sana.sy\/tr\/index.php?rest_route=%2Fwp%2Fv2%2Ftags&post=70781"}],"curies":[{"name":"wp","href":"https:\/\/api.w.org\/{rel}","templated":true}]}}