{"id":70801,"date":"2016-04-26T22:57:43","date_gmt":"2016-04-26T19:57:43","guid":{"rendered":"http:\/\/sana.sy\/tr\/?p=70801"},"modified":"2016-04-27T15:16:46","modified_gmt":"2016-04-27T12:16:46","slug":"saban-teroru-destekleyen-binsuud-ve-erdogan-gibi-rejimlere-baski-yapilmalidir","status":"publish","type":"post","link":"https:\/\/archive.sana.sy\/tr\/?p=70801","title":{"rendered":"Al Suud ve Erdo\u011fan Gibi Rejimlere Bask\u0131 Yap\u0131lmal\u0131d\u0131r"},"content":{"rendered":"<p>\u015eAM \u2013 Cumhurba\u015fkanl\u0131\u011f\u0131 Siyasi ve Bas\u0131n M\u00fcste\u015far\u0131 B\u00fcseyna \u015eaban; ter\u00f6r\u00fcn en b\u00fcy\u00fck ma\u011fdurlar\u0131n\u0131n halklar oldu\u011funa i\u015faret ederek ter\u00f6rle m\u00fccadelenin samimi bir niyet, devletleraras\u0131nda i\u015fbirli\u011fi ve koordinasyonun yan\u0131 s\u0131ra Al Suud ve Erdo\u011fan gibi ter\u00f6r\u00fc destekleyen rejimlere bu deste\u011fi kesmeleri i\u00e7in bask\u0131 yap\u0131lmas\u0131n\u0131 gerektirdi\u011fini vurgulad\u0131.<\/p>\n<p>Amerikal\u0131 Senat\u00f6r Richard H. Dick Black ile bug\u00fcn bir araya gelen \u015eaban, d\u00fcnyadaki halk temsilcilerinin, yer y\u00fcz\u00fcnde ya\u015fanan olaylar\u0131n ger\u00e7e\u011fini yak\u0131ndan dezenformasyon ve \u00e7arp\u0131tmalardan uzak bir \u015fekilde incelemelerinin \u00f6nemine dikkat \u00e7ekti.<\/p>\n<p>Black\u2019a Suriye\u2019ye d\u00fczenledi\u011fi ziyaret nedeniyle te\u015fekk\u00fcrlerini sunan \u015eaban; b\u00fct\u00fcn yalan haber ve \u00e7arp\u0131tmalara ra\u011fmen bu ziyaretle Suriye topraklar\u0131nda ya\u015fanan ger\u00e7ekleri yak\u0131ndan ve direkt bir \u015fekilde inceleyebilece\u011fini belirtti.<\/p>\n<p>Di\u011fer taraftan Suriye\u2019de ya\u015fanmakta olan kriz s\u00fcresince burada ya\u015fanan ger\u00e7eklere \u0131\u015f\u0131k tutmaya \u00e7al\u0131\u015ft\u0131\u011f\u0131n\u0131 dile getiren ABD\u2019li Senat\u00f6r Black, ABD h\u00fck\u00fcmetini, farkl\u0131 \u00fclkelerdeki ter\u00f6r\u00fc farkl\u0131 gerek\u00e7e ve isimlendirmeler alt\u0131nda desteklemekten ka\u00e7\u0131nmas\u0131 gere\u011fini defalarca dile getirdi\u011fini belirtti.<\/p>\n<p>F. B. &#8211; R.H.<\/p>\n","protected":false},"excerpt":{"rendered":"<p>\u015eAM \u2013 Cumhurba\u015fkanl\u0131\u011f\u0131 Siyasi ve Bas\u0131n M\u00fcste\u015far\u0131 B\u00fcseyna \u015eaban; ter\u00f6r\u00fcn en b\u00fcy\u00fck ma\u011fdurlar\u0131n\u0131n halklar oldu\u011funa i\u015faret ederek ter\u00f6rle m\u00fccadelenin samimi bir niyet, devletleraras\u0131nda i\u015fbirli\u011fi ve koordinasyonun yan\u0131 s\u0131ra Al Suud ve Erdo\u011fan gibi ter\u00f6r\u00fc destekleyen rejimlere bu deste\u011fi kesmeleri i\u00e7in bask\u0131 yap\u0131lmas\u0131n\u0131 gerektirdi\u011fini vurgulad\u0131. Amerikal\u0131 Senat\u00f6r Richard H. Dick Black ile bug\u00fcn bir araya gelen &hellip;<\/p>\n","protected":false},"author":1,"featured_media":70802,"comment_status":"closed","ping_status":"closed","sticky":false,"template":"","format":"standard","meta":{"footnotes":""},"categories":[479,17988,478],"tags":[20754],"class_list":["post-70801","post","type-post","status-publish","format-standard","has-post-thumbnail","","category-haberler-yerel","category-son-haberler","category-yerel","tag-saban-teroru-destekleyen-binsuud-ve-erdogan-gibi-rejimlere-baski-yapilmalidir"],"_links":{"self":[{"href":"https:\/\/archive.sana.sy\/tr\/index.php?rest_route=\/wp\/v2\/posts\/70801","targetHints":{"allow":["GET"]}}],"collection":[{"href":"https:\/\/archive.sana.sy\/tr\/index.php?rest_route=\/wp\/v2\/posts"}],"about":[{"href":"https:\/\/archive.sana.sy\/tr\/index.php?rest_route=\/wp\/v2\/types\/post"}],"author":[{"embeddable":true,"href":"https:\/\/archive.sana.sy\/tr\/index.php?rest_route=\/wp\/v2\/users\/1"}],"replies":[{"embeddable":true,"href":"https:\/\/archive.sana.sy\/tr\/index.php?rest_route=%2Fwp%2Fv2%2Fcomments&post=70801"}],"version-history":[{"count":0,"href":"https:\/\/archive.sana.sy\/tr\/index.php?rest_route=\/wp\/v2\/posts\/70801\/revisions"}],"wp:featuredmedia":[{"embeddable":true,"href":"https:\/\/archive.sana.sy\/tr\/index.php?rest_route=\/wp\/v2\/media\/70802"}],"wp:attachment":[{"href":"https:\/\/archive.sana.sy\/tr\/index.php?rest_route=%2Fwp%2Fv2%2Fmedia&parent=70801"}],"wp:term":[{"taxonomy":"category","embeddable":true,"href":"https:\/\/archive.sana.sy\/tr\/index.php?rest_route=%2Fwp%2Fv2%2Fcategories&post=70801"},{"taxonomy":"post_tag","embeddable":true,"href":"https:\/\/archive.sana.sy\/tr\/index.php?rest_route=%2Fwp%2Fv2%2Ftags&post=70801"}],"curies":[{"name":"wp","href":"https:\/\/api.w.org\/{rel}","templated":true}]}}