{"id":7083,"date":"2014-08-12T13:57:35","date_gmt":"2014-08-12T10:57:35","guid":{"rendered":"http:\/\/www.sana.sy\/tr\/?p=7083"},"modified":"2014-08-12T13:57:35","modified_gmt":"2014-08-12T10:57:35","slug":"sosyal-isler-bakanligi-acil-yardimlar-sunmaya-ozen-gosteriyor","status":"publish","type":"post","link":"https:\/\/archive.sana.sy\/tr\/?p=7083","title":{"rendered":"Sosyal \u0130\u015fler Bakanl\u0131\u011f\u0131 Acil Yard\u0131mlar Sunmaya \u00d6zen G\u00f6steriyor"},"content":{"rendered":"<p>\u015eAM \u2013 Ge\u00e7ici H\u00fck\u00fcmette Sosyal \u0130\u015fler Bakan\u0131 Kinda \u015eammat, Bakanl\u0131\u011f\u0131n silahl\u0131 ter\u00f6r \u00f6rg\u00fctlerinin sald\u0131r\u0131lar\u0131 sonucunda zarar g\u00f6ren Suriyeli ve Irakl\u0131 ailelere ilk yard\u0131mlar\u0131 sunmaya b\u00fcy\u00fck \u00f6zen g\u00f6sterdi\u011fini belirtti.<\/p>\n<p>Bakan \u015eammat SANA muhabirine a\u00e7\u0131klamas\u0131nda, Haseke ili Malikiye B\u00f6lgesinde s\u00f6zde Irak ve \u015eam Devleti ter\u00f6r \u00f6rg\u00fct\u00fcn\u00fcn uygulad\u0131\u011f\u0131 ter\u00f6r sonucunda Irak\u2019\u0131n Sincar Da\u011f\u0131ndan g\u00f6\u00e7 ettirilmi\u015f yakla\u015f\u0131k bin Irakl\u0131 ailenin bar\u0131nd\u0131r\u0131ld\u0131\u011f\u0131n\u0131 s\u00f6yledi.<\/p>\n<p>\u015eammat, D\u00fcnya G\u0131da \u00d6rg\u00fct\u00fcnden kentin ihtiya\u00e7lar\u0131n\u0131 yerine getirmek i\u00e7in Haseke iline sunulan acil yard\u0131mlar\u0131n artt\u0131r\u0131lmas\u0131n\u0131 istediklerini ifade etti.<\/p>\n<p>SANA Haseke Muhabiri, Haseke ilinin muhtelif b\u00f6lgelerine \u00e7ok say\u0131da Irakl\u0131 ailenin geldi\u011fini gelenlerin okula koyuldu\u011funu ve zaruri gereksinimlerin verildi\u011fini s\u00f6yledi.<\/p>\n<p>Muhabir, il ahalisinin de gelen Irakl\u0131 ailelere Irak s\u0131n\u0131r\u0131ndan almak ve ilin muhtelif b\u00f6lgelerine ta\u015f\u0131mak amac\u0131yla ara\u00e7 temin ettiklerini dile getirdi.<\/p>\n<p>Muhabir, Malikiye\u2019nin Ayn el Hadra b\u00f6lgesinde yakla\u015f\u0131k 700 \u00e7ad\u0131r\u0131n kuruldu\u011funu s\u00f6yledi.<\/p>\n<p>Irakl\u0131 baz\u0131 g\u00f6\u00e7menler SANA muhabirine a\u00e7\u0131klamalar\u0131nda, Sincar Da\u011f\u0131ndan s\u00f6zde Irak ve \u015eam Devleti adl\u0131 ter\u00f6r \u00f6rg\u00fct\u00fcn\u00fcn sald\u0131r\u0131lar\u0131ndan ka\u00e7t\u0131klar\u0131n\u0131 dile getirdiler.<\/p>\n","protected":false},"excerpt":{"rendered":"<p>\u015eAM \u2013 Ge\u00e7ici H\u00fck\u00fcmette Sosyal \u0130\u015fler Bakan\u0131 Kinda \u015eammat, Bakanl\u0131\u011f\u0131n silahl\u0131 ter\u00f6r \u00f6rg\u00fctlerinin sald\u0131r\u0131lar\u0131 sonucunda zarar g\u00f6ren Suriyeli ve Irakl\u0131 ailelere ilk yard\u0131mlar\u0131 sunmaya b\u00fcy\u00fck \u00f6zen g\u00f6sterdi\u011fini belirtti. Bakan \u015eammat SANA muhabirine a\u00e7\u0131klamas\u0131nda, Haseke ili Malikiye B\u00f6lgesinde s\u00f6zde Irak ve \u015eam Devleti ter\u00f6r \u00f6rg\u00fct\u00fcn\u00fcn uygulad\u0131\u011f\u0131 ter\u00f6r sonucunda Irak\u2019\u0131n Sincar Da\u011f\u0131ndan g\u00f6\u00e7 ettirilmi\u015f yakla\u015f\u0131k bin Irakl\u0131 &hellip;<\/p>\n","protected":false},"author":1,"featured_media":7084,"comment_status":"closed","ping_status":"closed","sticky":false,"template":"","format":"standard","meta":{"footnotes":""},"categories":[479,478],"tags":[1586],"class_list":["post-7083","post","type-post","status-publish","format-standard","has-post-thumbnail","","category-haberler-yerel","category-yerel","tag-sosyal-isler-bakanligi-acil-yardimlar-sunmaya-ozen-gosteriyor"],"_links":{"self":[{"href":"https:\/\/archive.sana.sy\/tr\/index.php?rest_route=\/wp\/v2\/posts\/7083","targetHints":{"allow":["GET"]}}],"collection":[{"href":"https:\/\/archive.sana.sy\/tr\/index.php?rest_route=\/wp\/v2\/posts"}],"about":[{"href":"https:\/\/archive.sana.sy\/tr\/index.php?rest_route=\/wp\/v2\/types\/post"}],"author":[{"embeddable":true,"href":"https:\/\/archive.sana.sy\/tr\/index.php?rest_route=\/wp\/v2\/users\/1"}],"replies":[{"embeddable":true,"href":"https:\/\/archive.sana.sy\/tr\/index.php?rest_route=%2Fwp%2Fv2%2Fcomments&post=7083"}],"version-history":[{"count":0,"href":"https:\/\/archive.sana.sy\/tr\/index.php?rest_route=\/wp\/v2\/posts\/7083\/revisions"}],"wp:featuredmedia":[{"embeddable":true,"href":"https:\/\/archive.sana.sy\/tr\/index.php?rest_route=\/wp\/v2\/media\/7084"}],"wp:attachment":[{"href":"https:\/\/archive.sana.sy\/tr\/index.php?rest_route=%2Fwp%2Fv2%2Fmedia&parent=7083"}],"wp:term":[{"taxonomy":"category","embeddable":true,"href":"https:\/\/archive.sana.sy\/tr\/index.php?rest_route=%2Fwp%2Fv2%2Fcategories&post=7083"},{"taxonomy":"post_tag","embeddable":true,"href":"https:\/\/archive.sana.sy\/tr\/index.php?rest_route=%2Fwp%2Fv2%2Ftags&post=7083"}],"curies":[{"name":"wp","href":"https:\/\/api.w.org\/{rel}","templated":true}]}}