{"id":7086,"date":"2014-08-12T14:35:26","date_gmt":"2014-08-12T11:35:26","guid":{"rendered":"http:\/\/www.sana.sy\/tr\/?p=7086"},"modified":"2014-08-12T14:35:26","modified_gmt":"2014-08-12T11:35:26","slug":"afrika-ulkelerinden-tum-ihtiyaclari-karsilama-olanagina-sahiptir","status":"publish","type":"post","link":"https:\/\/archive.sana.sy\/tr\/?p=7086","title":{"rendered":"Afrika \u00dclkelerinden T\u00fcm \u0130htiya\u00e7lar\u0131 Kar\u015f\u0131lama Olana\u011f\u0131na Sahiptir"},"content":{"rendered":"<p>\u015eAM \u2013 \u0130\u015flemleri y\u00fcr\u00fctmekle m\u00fckellef kabinede Bay\u0131nd\u0131rl\u0131k Bakan\u0131 H\u00fcseyin Arnus G\u00fcney Afrika\u2019n\u0131n \u015eam B\u00fcy\u00fckel\u00e7isi Shon Benfeldt iki dost \u00fclke aras\u0131ndaki ili\u015fkileri \u00f6zellikle bay\u0131nd\u0131rl\u0131k alan\u0131nda olmak \u00fczere muhtelif alanlarda geli\u015ftirme olanaklar\u0131n\u0131 masaya yat\u0131rd\u0131.<\/p>\n<p><a href=\"http:\/\/www.sana.sy\/tr\/wp-content\/uploads\/2014\/08\/Bay\u0131nd\u0131rl\u0131k-Bakan\u0131-1.jpg\"><img loading=\"lazy\" decoding=\"async\" class=\"alignright wp-image-7089 size-medium\" src=\"http:\/\/www.sana.sy\/tr\/wp-content\/uploads\/2014\/08\/Bay\u0131nd\u0131rl\u0131k-Bakan\u0131-1-300x190.jpg\" alt=\"Bay\u0131nd\u0131rl\u0131k Bakan\u0131 1\" width=\"300\" height=\"190\" srcset=\"https:\/\/archive.sana.sy\/tr\/wp-content\/uploads\/2014\/08\/Bay\u0131nd\u0131rl\u0131k-Bakan\u0131-1-300x190.jpg 300w, https:\/\/archive.sana.sy\/tr\/wp-content\/uploads\/2014\/08\/Bay\u0131nd\u0131rl\u0131k-Bakan\u0131-1-150x95.jpg 150w, https:\/\/archive.sana.sy\/tr\/wp-content\/uploads\/2014\/08\/Bay\u0131nd\u0131rl\u0131k-Bakan\u0131-1-1024x651.jpg 1024w\" sizes=\"auto, (max-width: 300px) 100vw, 300px\" \/><\/a>Silahl\u0131 ter\u00f6r \u00f6rg\u00fctlerini sald\u0131r\u0131lar\u0131 neticesinde altyap\u0131 ve kurumlar\u0131n maruz kald\u0131\u011f\u0131 b\u00fcy\u00fck hasara i\u015faret eden Arnus; in\u015faat, yap\u0131 ve daha ba\u015fka alanlarda G\u00fcney Afrika\u2019n\u0131n olanaklar\u0131ndan faydalanma arzusunu dile getirdi.<\/p>\n<p>\u0130n\u015faatta modern ve teknik y\u00f6ntemlerden faydalanmak i\u00e7in 650 teknik ve m\u00fchendislik arac\u0131 temin etmede i\u015fbirli\u011finin ele al\u0131nd\u0131\u011f\u0131 g\u00f6r\u00fc\u015fmede yeniden yap\u0131land\u0131rma alan\u0131nda iki \u00fclke \u015firketleri aras\u0131nda ortak \u00e7al\u0131\u015fmalarda bulunma yollar\u0131 tart\u0131\u015f\u0131ld\u0131.<\/p>\n<p>Benfeldt \u00fclkesinin Suriye&#8217;de yeniden yap\u0131land\u0131rma \u00e7al\u0131\u015fmalar\u0131nda katk\u0131da bulunma arzusunu ifade ederken, g\u00f6r\u00fc\u015fmeden amac\u0131n bay\u0131nd\u0131rl\u0131k alan\u0131nda i\u015fbirli\u011finin muhtelif y\u00f6nlerini ele almak oldu\u011funu a\u00e7\u0131klad\u0131.<\/p>\n<p>Benfeldt G\u00fcney Afrika\u2019n\u0131n Afrika Kalk\u0131nma \u00d6rg\u00fct\u00fcnde \u00fcyeli\u011fi arac\u0131l\u0131\u011f\u0131 ile Suriye&#8217;nin kalk\u0131nsal t\u00fcm ihtiya\u00e7lar\u0131n\u0131 Afrika \u00fclkelerinden temin etme olana\u011f\u0131na sahip oldu\u011funu belirtti.<\/p>\n","protected":false},"excerpt":{"rendered":"<p>\u015eAM \u2013 \u0130\u015flemleri y\u00fcr\u00fctmekle m\u00fckellef kabinede Bay\u0131nd\u0131rl\u0131k Bakan\u0131 H\u00fcseyin Arnus G\u00fcney Afrika\u2019n\u0131n \u015eam B\u00fcy\u00fckel\u00e7isi Shon Benfeldt iki dost \u00fclke aras\u0131ndaki ili\u015fkileri \u00f6zellikle bay\u0131nd\u0131rl\u0131k alan\u0131nda olmak \u00fczere muhtelif alanlarda geli\u015ftirme olanaklar\u0131n\u0131 masaya yat\u0131rd\u0131. Silahl\u0131 ter\u00f6r \u00f6rg\u00fctlerini sald\u0131r\u0131lar\u0131 neticesinde altyap\u0131 ve kurumlar\u0131n maruz kald\u0131\u011f\u0131 b\u00fcy\u00fck hasara i\u015faret eden Arnus; in\u015faat, yap\u0131 ve daha ba\u015fka alanlarda G\u00fcney Afrika\u2019n\u0131n &hellip;<\/p>\n","protected":false},"author":1,"featured_media":7088,"comment_status":"closed","ping_status":"closed","sticky":false,"template":"","format":"standard","meta":{"footnotes":""},"categories":[485,486],"tags":[1587],"class_list":["post-7086","post","type-post","status-publish","format-standard","has-post-thumbnail","","category-is-ve-sermaye","category-haberler-is-ve-sermaye","tag-afrika-ulkelerinden-tum-ihtiyaclari-karsilama-olanagina-sahiptir"],"_links":{"self":[{"href":"https:\/\/archive.sana.sy\/tr\/index.php?rest_route=\/wp\/v2\/posts\/7086","targetHints":{"allow":["GET"]}}],"collection":[{"href":"https:\/\/archive.sana.sy\/tr\/index.php?rest_route=\/wp\/v2\/posts"}],"about":[{"href":"https:\/\/archive.sana.sy\/tr\/index.php?rest_route=\/wp\/v2\/types\/post"}],"author":[{"embeddable":true,"href":"https:\/\/archive.sana.sy\/tr\/index.php?rest_route=\/wp\/v2\/users\/1"}],"replies":[{"embeddable":true,"href":"https:\/\/archive.sana.sy\/tr\/index.php?rest_route=%2Fwp%2Fv2%2Fcomments&post=7086"}],"version-history":[{"count":0,"href":"https:\/\/archive.sana.sy\/tr\/index.php?rest_route=\/wp\/v2\/posts\/7086\/revisions"}],"wp:featuredmedia":[{"embeddable":true,"href":"https:\/\/archive.sana.sy\/tr\/index.php?rest_route=\/wp\/v2\/media\/7088"}],"wp:attachment":[{"href":"https:\/\/archive.sana.sy\/tr\/index.php?rest_route=%2Fwp%2Fv2%2Fmedia&parent=7086"}],"wp:term":[{"taxonomy":"category","embeddable":true,"href":"https:\/\/archive.sana.sy\/tr\/index.php?rest_route=%2Fwp%2Fv2%2Fcategories&post=7086"},{"taxonomy":"post_tag","embeddable":true,"href":"https:\/\/archive.sana.sy\/tr\/index.php?rest_route=%2Fwp%2Fv2%2Ftags&post=7086"}],"curies":[{"name":"wp","href":"https:\/\/api.w.org\/{rel}","templated":true}]}}