{"id":70872,"date":"2016-04-27T07:45:41","date_gmt":"2016-04-27T04:45:41","guid":{"rendered":"http:\/\/sana.sy\/tr\/?p=70872"},"modified":"2016-04-28T11:27:25","modified_gmt":"2016-04-28T08:27:25","slug":"abd-yine-vatandaslarini-turkiye-seyahatinden-uyardi","status":"publish","type":"post","link":"https:\/\/archive.sana.sy\/tr\/?p=70872","title":{"rendered":"ABD Yine Vatanda\u015flar\u0131n\u0131 T\u00fcrkiye Seyahatinden Uyard\u0131"},"content":{"rendered":"<p>ANKARA \u2013 ABD\u2019nin Ankara B\u00fcy\u00fckel\u00e7ili\u011fi T\u00fcrkiye&#8217;de seyahat b\u00f6lgelerinin ter\u00f6r sald\u0131r\u0131lar\u0131na maruz kalma tehlikesine kar\u015f\u0131 dikkat \u00e7ekerken Amerikal\u0131 vatanda\u015flar\u0131 T\u00fcrkiye&#8217;ye seyahat etmelerinde uyard\u0131.<\/p>\n<p>Reuters Ajans\u0131n\u0131n aktard\u0131\u011f\u0131 haberde ABD b\u00fcy\u00fckel\u00e7ili\u011fi T\u00fcrkiye&#8217;de bulunan Amerikan vatanda\u015flar\u0131n\u0131n mail adreslerine bir bildiri yay\u0131nlad\u0131\u011f\u0131 ve bu bildiride bir k\u0131s\u0131m ter\u00f6r gruplar\u0131n\u0131n T\u00fcrkiye&#8217;de seyahat b\u00f6lgelerinde ter\u00f6r eylemleri d\u00fczenleme haz\u0131rl\u0131\u011f\u0131nda olduklar\u0131na ili\u015fkin bilgiye sahip oldu\u011funu ifade etti.<\/p>\n<p>Bu arada I\u015e\u0130D, Kaide \u00d6rg\u00fct\u00fcn\u00fcn Suriye kolu Nusra Cephesi ve daha ba\u015fka isimler alt\u0131nda vah\u015fet ve ter\u00f6r estiren \u00f6rg\u00fctlerin ba\u015f destek\u00e7isi ve m\u00fcttefiki Erdo\u011fan ve rejimi T\u00fcrkiye topraklar\u0131n\u0131 ter\u00f6r karargah\u0131na d\u00f6n\u00fc\u015ft\u00fcrd\u00fc.<\/p>\n<p>R.H.<\/p>\n","protected":false},"excerpt":{"rendered":"<p>ANKARA \u2013 ABD\u2019nin Ankara B\u00fcy\u00fckel\u00e7ili\u011fi T\u00fcrkiye&#8217;de seyahat b\u00f6lgelerinin ter\u00f6r sald\u0131r\u0131lar\u0131na maruz kalma tehlikesine kar\u015f\u0131 dikkat \u00e7ekerken Amerikal\u0131 vatanda\u015flar\u0131 T\u00fcrkiye&#8217;ye seyahat etmelerinde uyard\u0131. Reuters Ajans\u0131n\u0131n aktard\u0131\u011f\u0131 haberde ABD b\u00fcy\u00fckel\u00e7ili\u011fi T\u00fcrkiye&#8217;de bulunan Amerikan vatanda\u015flar\u0131n\u0131n mail adreslerine bir bildiri yay\u0131nlad\u0131\u011f\u0131 ve bu bildiride bir k\u0131s\u0131m ter\u00f6r gruplar\u0131n\u0131n T\u00fcrkiye&#8217;de seyahat b\u00f6lgelerinde ter\u00f6r eylemleri d\u00fczenleme haz\u0131rl\u0131\u011f\u0131nda olduklar\u0131na ili\u015fkin bilgiye sahip &hellip;<\/p>\n","protected":false},"author":1,"featured_media":70873,"comment_status":"closed","ping_status":"closed","sticky":false,"template":"","format":"standard","meta":{"footnotes":""},"categories":[458,459,17988],"tags":[20770],"class_list":["post-70872","post","type-post","status-publish","format-standard","has-post-thumbnail","","category-dunya1","category-haberler-arap-uluslararasi-politika","category-son-haberler","tag-abd-yine-vatandaslarini-turkiye-seyahatinden-uyardi"],"_links":{"self":[{"href":"https:\/\/archive.sana.sy\/tr\/index.php?rest_route=\/wp\/v2\/posts\/70872","targetHints":{"allow":["GET"]}}],"collection":[{"href":"https:\/\/archive.sana.sy\/tr\/index.php?rest_route=\/wp\/v2\/posts"}],"about":[{"href":"https:\/\/archive.sana.sy\/tr\/index.php?rest_route=\/wp\/v2\/types\/post"}],"author":[{"embeddable":true,"href":"https:\/\/archive.sana.sy\/tr\/index.php?rest_route=\/wp\/v2\/users\/1"}],"replies":[{"embeddable":true,"href":"https:\/\/archive.sana.sy\/tr\/index.php?rest_route=%2Fwp%2Fv2%2Fcomments&post=70872"}],"version-history":[{"count":0,"href":"https:\/\/archive.sana.sy\/tr\/index.php?rest_route=\/wp\/v2\/posts\/70872\/revisions"}],"wp:featuredmedia":[{"embeddable":true,"href":"https:\/\/archive.sana.sy\/tr\/index.php?rest_route=\/wp\/v2\/media\/70873"}],"wp:attachment":[{"href":"https:\/\/archive.sana.sy\/tr\/index.php?rest_route=%2Fwp%2Fv2%2Fmedia&parent=70872"}],"wp:term":[{"taxonomy":"category","embeddable":true,"href":"https:\/\/archive.sana.sy\/tr\/index.php?rest_route=%2Fwp%2Fv2%2Fcategories&post=70872"},{"taxonomy":"post_tag","embeddable":true,"href":"https:\/\/archive.sana.sy\/tr\/index.php?rest_route=%2Fwp%2Fv2%2Ftags&post=70872"}],"curies":[{"name":"wp","href":"https:\/\/api.w.org\/{rel}","templated":true}]}}