{"id":70889,"date":"2016-04-27T10:13:18","date_gmt":"2016-04-27T07:13:18","guid":{"rendered":"http:\/\/www.sana.sy\/tr\/?p=70889"},"modified":"2016-04-27T13:00:28","modified_gmt":"2016-04-27T10:00:28","slug":"bundan-dolayi-da-suriyede-mesru-hukumetin-talebi-uzerine-suriyeye-hava-gucleri-gonderdigini-ifade-eden-lavrov-rus-hava-guclerinin-suriyede-terore-karsi-operasyonlarinin-basarisina-isik-tuttu","status":"publish","type":"post","link":"https:\/\/archive.sana.sy\/tr\/?p=70889","title":{"rendered":"Bundan dolay\u0131 da Suriye&#8217;de me\u015fru h\u00fck\u00fcmetin talebi \u00fczerine Suriye&#8217;ye hava g\u00fc\u00e7leri g\u00f6nderdi\u011fini ifade eden Lavrov; Rus hava g\u00fc\u00e7lerinin Suriye&#8217;de ter\u00f6re kar\u015f\u0131 operasyonlar\u0131n\u0131n ba\u015far\u0131s\u0131na \u0131\u015f\u0131k tuttu."},"content":{"rendered":"<p>Bundan dolay\u0131 da Suriye&#8217;de me\u015fru h\u00fck\u00fcmetin talebi \u00fczerine Suriye&#8217;ye hava g\u00fc\u00e7leri g\u00f6nderdi\u011fini ifade eden Lavrov; Rus hava g\u00fc\u00e7lerinin Suriye&#8217;de ter\u00f6re kar\u015f\u0131 operasyonlar\u0131n\u0131n ba\u015far\u0131s\u0131na \u0131\u015f\u0131k tuttu.<\/p>\n","protected":false},"excerpt":{"rendered":"<p>Bundan dolay\u0131 da Suriye&#8217;de me\u015fru h\u00fck\u00fcmetin talebi \u00fczerine Suriye&#8217;ye hava g\u00fc\u00e7leri g\u00f6nderdi\u011fini ifade eden Lavrov; Rus hava g\u00fc\u00e7lerinin Suriye&#8217;de ter\u00f6re kar\u015f\u0131 operasyonlar\u0131n\u0131n ba\u015far\u0131s\u0131na \u0131\u015f\u0131k tuttu.<\/p>\n","protected":false},"author":1,"featured_media":0,"comment_status":"closed","ping_status":"closed","sticky":false,"template":"","format":"standard","meta":{"footnotes":""},"categories":[17991],"tags":[],"class_list":["post-70889","post","type-post","status-publish","format-standard","","category-son-dakika"],"_links":{"self":[{"href":"https:\/\/archive.sana.sy\/tr\/index.php?rest_route=\/wp\/v2\/posts\/70889","targetHints":{"allow":["GET"]}}],"collection":[{"href":"https:\/\/archive.sana.sy\/tr\/index.php?rest_route=\/wp\/v2\/posts"}],"about":[{"href":"https:\/\/archive.sana.sy\/tr\/index.php?rest_route=\/wp\/v2\/types\/post"}],"author":[{"embeddable":true,"href":"https:\/\/archive.sana.sy\/tr\/index.php?rest_route=\/wp\/v2\/users\/1"}],"replies":[{"embeddable":true,"href":"https:\/\/archive.sana.sy\/tr\/index.php?rest_route=%2Fwp%2Fv2%2Fcomments&post=70889"}],"version-history":[{"count":0,"href":"https:\/\/archive.sana.sy\/tr\/index.php?rest_route=\/wp\/v2\/posts\/70889\/revisions"}],"wp:attachment":[{"href":"https:\/\/archive.sana.sy\/tr\/index.php?rest_route=%2Fwp%2Fv2%2Fmedia&parent=70889"}],"wp:term":[{"taxonomy":"category","embeddable":true,"href":"https:\/\/archive.sana.sy\/tr\/index.php?rest_route=%2Fwp%2Fv2%2Fcategories&post=70889"},{"taxonomy":"post_tag","embeddable":true,"href":"https:\/\/archive.sana.sy\/tr\/index.php?rest_route=%2Fwp%2Fv2%2Ftags&post=70889"}],"curies":[{"name":"wp","href":"https:\/\/api.w.org\/{rel}","templated":true}]}}