{"id":70900,"date":"2016-04-27T11:10:41","date_gmt":"2016-04-27T08:10:41","guid":{"rendered":"http:\/\/sana.sy\/tr\/?p=70900"},"modified":"2016-04-28T11:26:59","modified_gmt":"2016-04-28T08:26:59","slug":"krize-gercekci-yaklasimda-bulunan-tek-ulkedir","status":"publish","type":"post","link":"https:\/\/archive.sana.sy\/tr\/?p=70900","title":{"rendered":"Krize Ger\u00e7ek\u00e7i Yakla\u015f\u0131mda Bulunan Tek \u00dclkedir"},"content":{"rendered":"<p>MOSKOVA \u2013 Rusya Federasyonu Ba\u015fkan\u0131 Vladimir Putin Moskova Uluslararas\u0131 G\u00fcvenlik Konferans\u0131na g\u00f6nderdi\u011fi mesajda Suriye&#8217;de g\u00f6rev yapan Rus hava g\u00fc\u00e7lerinin I\u015e\u0130D ve di\u011fer ter\u00f6r \u00f6rg\u00fctlere kar\u015f\u0131 a\u011f\u0131r bir darbe indirdiklerini belirtti.<\/p>\n<p>Rusya D\u0131\u015fi\u015fleri Bakan\u0131 Sergey Lavrov ise konferansta yapt\u0131\u011f\u0131 konu\u015fmada Rusya&#8217;n\u0131n Suriye&#8217;deki krize ger\u00e7ek\u00e7i yakla\u015f\u0131mda bulunan tek \u00fclke oldu\u011funu ifade etti. Bundan dolay\u0131 da Suriye&#8217;de me\u015fru h\u00fck\u00fcmetin talebi \u00fczerine Suriye&#8217;ye hava g\u00fc\u00e7leri g\u00f6nderdi\u011fini ifade eden Lavrov; Rus hava g\u00fc\u00e7lerinin Suriye&#8217;de ter\u00f6re kar\u015f\u0131 operasyonlar\u0131n\u0131n ba\u015far\u0131s\u0131na \u0131\u015f\u0131k tuttu.<\/p>\n<p>Rusya Savunma Bakan\u0131 Sergei Shoygu ise konu\u015fmas\u0131nda ter\u00f6rle m\u00fccadelenin, Rusya&#8217;n\u0131n temel \u00f6nceliklerinden biri oldu\u011funu ifade ederken, amac\u0131n ter\u00f6r\u00fcn yay\u0131lmas\u0131n\u0131 engellemek ve b\u00f6lge halklar\u0131na tehlikesini yok etmek oldu\u011funu vurgulad\u0131.<\/p>\n<p>Konferansta konu\u015fan D\u0131\u015fi\u015fleri Bakan Yard\u0131mc\u0131s\u0131 Gennady Gatilov da; Suriye&#8217;de bulunan Amerikal\u0131 g\u00fc\u00e7lerin Suriye&#8217;de me\u015fru h\u00fck\u00fcmetin onay\u0131n\u0131 almamalar\u0131yla uluslar aras\u0131 kanun ve kararlar\u0131n yan\u0131 s\u0131ra BM misak\u0131n\u0131 da ihlal ettiklerini belirtti.<\/p>\n<p>R.H.<\/p>\n","protected":false},"excerpt":{"rendered":"<p>MOSKOVA \u2013 Rusya Federasyonu Ba\u015fkan\u0131 Vladimir Putin Moskova Uluslararas\u0131 G\u00fcvenlik Konferans\u0131na g\u00f6nderdi\u011fi mesajda Suriye&#8217;de g\u00f6rev yapan Rus hava g\u00fc\u00e7lerinin I\u015e\u0130D ve di\u011fer ter\u00f6r \u00f6rg\u00fctlere kar\u015f\u0131 a\u011f\u0131r bir darbe indirdiklerini belirtti. Rusya D\u0131\u015fi\u015fleri Bakan\u0131 Sergey Lavrov ise konferansta yapt\u0131\u011f\u0131 konu\u015fmada Rusya&#8217;n\u0131n Suriye&#8217;deki krize ger\u00e7ek\u00e7i yakla\u015f\u0131mda bulunan tek \u00fclke oldu\u011funu ifade etti. Bundan dolay\u0131 da Suriye&#8217;de me\u015fru &hellip;<\/p>\n","protected":false},"author":1,"featured_media":70926,"comment_status":"closed","ping_status":"closed","sticky":false,"template":"","format":"standard","meta":{"footnotes":""},"categories":[458,459,17988],"tags":[18711,20772,20777,3846,20776,16744],"class_list":["post-70900","post","type-post","status-publish","format-standard","has-post-thumbnail","","category-dunya1","category-haberler-arap-uluslararasi-politika","category-son-haberler","tag-gennady-gatilov","tag-krize-gercekci-yaklasimda-bulunan-tek-ulkedir","tag-sergei-shoygu","tag-sergey-lavrov","tag-uluslararasi-guvenlik-konferasni","tag-vladimir-putin"],"_links":{"self":[{"href":"https:\/\/archive.sana.sy\/tr\/index.php?rest_route=\/wp\/v2\/posts\/70900","targetHints":{"allow":["GET"]}}],"collection":[{"href":"https:\/\/archive.sana.sy\/tr\/index.php?rest_route=\/wp\/v2\/posts"}],"about":[{"href":"https:\/\/archive.sana.sy\/tr\/index.php?rest_route=\/wp\/v2\/types\/post"}],"author":[{"embeddable":true,"href":"https:\/\/archive.sana.sy\/tr\/index.php?rest_route=\/wp\/v2\/users\/1"}],"replies":[{"embeddable":true,"href":"https:\/\/archive.sana.sy\/tr\/index.php?rest_route=%2Fwp%2Fv2%2Fcomments&post=70900"}],"version-history":[{"count":0,"href":"https:\/\/archive.sana.sy\/tr\/index.php?rest_route=\/wp\/v2\/posts\/70900\/revisions"}],"wp:featuredmedia":[{"embeddable":true,"href":"https:\/\/archive.sana.sy\/tr\/index.php?rest_route=\/wp\/v2\/media\/70926"}],"wp:attachment":[{"href":"https:\/\/archive.sana.sy\/tr\/index.php?rest_route=%2Fwp%2Fv2%2Fmedia&parent=70900"}],"wp:term":[{"taxonomy":"category","embeddable":true,"href":"https:\/\/archive.sana.sy\/tr\/index.php?rest_route=%2Fwp%2Fv2%2Fcategories&post=70900"},{"taxonomy":"post_tag","embeddable":true,"href":"https:\/\/archive.sana.sy\/tr\/index.php?rest_route=%2Fwp%2Fv2%2Ftags&post=70900"}],"curies":[{"name":"wp","href":"https:\/\/api.w.org\/{rel}","templated":true}]}}