{"id":70904,"date":"2016-04-27T13:35:03","date_gmt":"2016-04-27T10:35:03","guid":{"rendered":"http:\/\/sana.sy\/tr\/?p=70904"},"modified":"2016-04-28T15:06:31","modified_gmt":"2016-04-28T12:06:31","slug":"erdogan-rejimine-tabi-ceteler-sivillere-saldirilarini-surduruyor","status":"publish","type":"post","link":"https:\/\/archive.sana.sy\/tr\/?p=70904","title":{"rendered":"Erdo\u011fan Rejimine Tabi \u00c7eteler Sivillere Sald\u0131r\u0131lar\u0131n\u0131 S\u00fcrd\u00fcr\u00fcyor"},"content":{"rendered":"<p>HALEP \u2013 Erdo\u011fan ve Al Suud rejimlerinin destek ve komutas\u0131yla sivil b\u00f6lgelere geli\u015fig\u00fczel sald\u0131r\u0131lar\u0131n\u0131 s\u00fcrd\u00fcren Nusra Cephesi ve m\u00fcttefiki di\u011fer ter\u00f6ristler bug\u00fcn yine bir \u00e7ok vatanda\u015f\u0131n \u015fehit ve yaral\u0131 d\u00fc\u015fmelerine yol a\u00e7t\u0131.<\/p>\n<p>Halep Emniyet M\u00fcd\u00fcrl\u00fc\u011f\u00fcnde yetkili bir kaynak SANA\u2019ya a\u00e7\u0131klamas\u0131nda Halep Kentinin Bostan el Pa\u015fa ve Bostan el Kasr semtlerinde siperlenen keskin ni\u015fanc\u0131 ter\u00f6ristlerin Me\u015farika ve S\u00fcleymaniye semtleri ahalisine ate\u015f a\u00e7t\u0131klar\u0131n\u0131 belirtti. Kaynak ter\u00f6r ate\u015finde2 vatanda\u015f\u0131n \u015fehit, 1 vatanda\u015f\u0131n da yal\u0131 d\u00fc\u015ft\u00fc\u011f\u00fcn\u00fc s\u00f6yledi.<\/p>\n<p>Ak\u015fam saatlerinde a\u00e7\u0131klama yapan kaynak ter\u00f6ristlerin Halep Kentinin sivil yerle\u015fim alanlar\u0131ndan Azamiye Semtini geli\u015fig\u00fczel sald\u0131r\u0131larla hedef almalar\u0131yla aralar\u0131nda 1 \u00e7ocu\u011fun bulundu\u011fu 3 vatanda\u015f\u0131n \u015fehit, yine aralar\u0131nda 6 \u00e7ocu\u011fun bulundu\u011fu 19 vatanda\u015f\u0131n yaraland\u0131\u011f\u0131n\u0131 belirtti.<\/p>\n<p>SANA muhabiri ak\u015fam saatlerinde ter\u00f6ristlerin Halep kentinin sivil yerle\u015fim alanlar\u0131ndan Muhafaza, Cemiliye, Aziziye, Bab el Farac ve S\u00fcleyman el Halebi semtlerinde savunmas\u0131z sivil vatanda\u015flara geli\u015fig\u00fczel f\u00fcze sald\u0131r\u0131lar\u0131nda bulunduklar\u0131n\u0131 aktar\u0131rken, bu sald\u0131r\u0131larda da 2 vatanda\u015f\u0131n \u015fehit, 15 vatanda\u015f\u0131n da yaral\u0131 d\u00fc\u015ft\u00fcklerini s\u00f6yledi<\/p>\n<p>S\u00f6z konusu ter\u00f6ristlerin d\u00fcn Halep\u2019in sivil yerle\u015fim alanlar\u0131na bulunduklar\u0131 geli\u015fig\u00fczel f\u00fcze ve roket sald\u0131r\u0131lar\u0131nda aralar\u0131nda \u00e7ocuk ve kad\u0131nlar\u0131n bulundu\u011fu 2 ki\u015fi \u015fehit, 6 ki\u015fi de yaral\u0131 d\u00fc\u015ferken, bir \u00f6nceki g\u00fcn benzer sald\u0131r\u0131larda 16 ki\u015fi \u015fehit, 80 kadar ki\u015fi de yaral\u0131 d\u00fc\u015fm\u00fc\u015flerdi.<\/p>\n<div id='gallery-1' class='gallery galleryid-70904 gallery-columns-2 gallery-size-thumbnail'><figure class='gallery-item'>\n\t\t\t<div class='gallery-icon landscape'>\n\t\t\t\t<a href='https:\/\/archive.sana.sy\/tr\/wp-content\/uploads\/2016\/04\/10-8.jpg'><img loading=\"lazy\" decoding=\"async\" width=\"150\" height=\"99\" src=\"https:\/\/archive.sana.sy\/tr\/wp-content\/uploads\/2016\/04\/10-8-150x99.jpg\" class=\"attachment-thumbnail size-thumbnail\" alt=\"\" srcset=\"https:\/\/archive.sana.sy\/tr\/wp-content\/uploads\/2016\/04\/10-8-150x99.jpg 150w, https:\/\/archive.sana.sy\/tr\/wp-content\/uploads\/2016\/04\/10-8-300x199.jpg 300w, https:\/\/archive.sana.sy\/tr\/wp-content\/uploads\/2016\/04\/10-8-768x509.jpg 768w, https:\/\/archive.sana.sy\/tr\/wp-content\/uploads\/2016\/04\/10-8-1024x678.jpg 1024w, https:\/\/archive.sana.sy\/tr\/wp-content\/uploads\/2016\/04\/10-8-310x205.jpg 310w, https:\/\/archive.sana.sy\/tr\/wp-content\/uploads\/2016\/04\/10-8.jpg 1478w\" sizes=\"auto, (max-width: 150px) 100vw, 150px\" \/><\/a>\n\t\t\t<\/div><\/figure><figure class='gallery-item'>\n\t\t\t<div class='gallery-icon portrait'>\n\t\t\t\t<a href='https:\/\/archive.sana.sy\/tr\/wp-content\/uploads\/2016\/04\/1-48.jpg'><img loading=\"lazy\" decoding=\"async\" width=\"99\" height=\"150\" src=\"https:\/\/archive.sana.sy\/tr\/wp-content\/uploads\/2016\/04\/1-48-99x150.jpg\" class=\"attachment-thumbnail size-thumbnail\" alt=\"\" srcset=\"https:\/\/archive.sana.sy\/tr\/wp-content\/uploads\/2016\/04\/1-48-99x150.jpg 99w, https:\/\/archive.sana.sy\/tr\/wp-content\/uploads\/2016\/04\/1-48-199x300.jpg 199w, https:\/\/archive.sana.sy\/tr\/wp-content\/uploads\/2016\/04\/1-48-768x1159.jpg 768w, https:\/\/archive.sana.sy\/tr\/wp-content\/uploads\/2016\/04\/1-48-678x1024.jpg 678w, https:\/\/archive.sana.sy\/tr\/wp-content\/uploads\/2016\/04\/1-48.jpg 979w\" sizes=\"auto, (max-width: 99px) 100vw, 99px\" \/><\/a>\n\t\t\t<\/div><\/figure><figure class='gallery-item'>\n\t\t\t<div class='gallery-icon landscape'>\n\t\t\t\t<a href='https:\/\/archive.sana.sy\/tr\/wp-content\/uploads\/2016\/04\/2-28.jpg'><img loading=\"lazy\" decoding=\"async\" width=\"150\" height=\"113\" src=\"https:\/\/archive.sana.sy\/tr\/wp-content\/uploads\/2016\/04\/2-28-150x113.jpg\" class=\"attachment-thumbnail size-thumbnail\" alt=\"\" srcset=\"https:\/\/archive.sana.sy\/tr\/wp-content\/uploads\/2016\/04\/2-28-150x113.jpg 150w, https:\/\/archive.sana.sy\/tr\/wp-content\/uploads\/2016\/04\/2-28-300x227.jpg 300w, https:\/\/archive.sana.sy\/tr\/wp-content\/uploads\/2016\/04\/2-28-768x580.jpg 768w, https:\/\/archive.sana.sy\/tr\/wp-content\/uploads\/2016\/04\/2-28-1024x774.jpg 1024w, https:\/\/archive.sana.sy\/tr\/wp-content\/uploads\/2016\/04\/2-28.jpg 1158w\" sizes=\"auto, (max-width: 150px) 100vw, 150px\" \/><\/a>\n\t\t\t<\/div><\/figure><figure class='gallery-item'>\n\t\t\t<div class='gallery-icon landscape'>\n\t\t\t\t<a href='https:\/\/archive.sana.sy\/tr\/wp-content\/uploads\/2016\/04\/3-24.jpg'><img loading=\"lazy\" decoding=\"async\" width=\"150\" height=\"110\" src=\"https:\/\/archive.sana.sy\/tr\/wp-content\/uploads\/2016\/04\/3-24-150x110.jpg\" class=\"attachment-thumbnail size-thumbnail\" alt=\"\" srcset=\"https:\/\/archive.sana.sy\/tr\/wp-content\/uploads\/2016\/04\/3-24-150x110.jpg 150w, https:\/\/archive.sana.sy\/tr\/wp-content\/uploads\/2016\/04\/3-24-300x220.jpg 300w, https:\/\/archive.sana.sy\/tr\/wp-content\/uploads\/2016\/04\/3-24-768x562.jpg 768w, https:\/\/archive.sana.sy\/tr\/wp-content\/uploads\/2016\/04\/3-24-1024x749.jpg 1024w, https:\/\/archive.sana.sy\/tr\/wp-content\/uploads\/2016\/04\/3-24.jpg 1338w\" sizes=\"auto, (max-width: 150px) 100vw, 150px\" \/><\/a>\n\t\t\t<\/div><\/figure><figure class='gallery-item'>\n\t\t\t<div class='gallery-icon landscape'>\n\t\t\t\t<a href='https:\/\/archive.sana.sy\/tr\/wp-content\/uploads\/2016\/04\/4-22.jpg'><img loading=\"lazy\" decoding=\"async\" width=\"150\" height=\"99\" src=\"https:\/\/archive.sana.sy\/tr\/wp-content\/uploads\/2016\/04\/4-22-150x99.jpg\" class=\"attachment-thumbnail size-thumbnail\" alt=\"\" srcset=\"https:\/\/archive.sana.sy\/tr\/wp-content\/uploads\/2016\/04\/4-22-150x99.jpg 150w, https:\/\/archive.sana.sy\/tr\/wp-content\/uploads\/2016\/04\/4-22-300x199.jpg 300w, https:\/\/archive.sana.sy\/tr\/wp-content\/uploads\/2016\/04\/4-22-768x509.jpg 768w, https:\/\/archive.sana.sy\/tr\/wp-content\/uploads\/2016\/04\/4-22-1024x678.jpg 1024w, https:\/\/archive.sana.sy\/tr\/wp-content\/uploads\/2016\/04\/4-22-310x205.jpg 310w, https:\/\/archive.sana.sy\/tr\/wp-content\/uploads\/2016\/04\/4-22.jpg 1478w\" sizes=\"auto, (max-width: 150px) 100vw, 150px\" \/><\/a>\n\t\t\t<\/div><\/figure><figure class='gallery-item'>\n\t\t\t<div class='gallery-icon portrait'>\n\t\t\t\t<a href='https:\/\/archive.sana.sy\/tr\/wp-content\/uploads\/2016\/04\/5-19.jpg'><img loading=\"lazy\" decoding=\"async\" width=\"99\" height=\"150\" src=\"https:\/\/archive.sana.sy\/tr\/wp-content\/uploads\/2016\/04\/5-19-99x150.jpg\" class=\"attachment-thumbnail size-thumbnail\" alt=\"\" srcset=\"https:\/\/archive.sana.sy\/tr\/wp-content\/uploads\/2016\/04\/5-19-99x150.jpg 99w, https:\/\/archive.sana.sy\/tr\/wp-content\/uploads\/2016\/04\/5-19-199x300.jpg 199w, https:\/\/archive.sana.sy\/tr\/wp-content\/uploads\/2016\/04\/5-19-768x1159.jpg 768w, https:\/\/archive.sana.sy\/tr\/wp-content\/uploads\/2016\/04\/5-19-678x1024.jpg 678w, https:\/\/archive.sana.sy\/tr\/wp-content\/uploads\/2016\/04\/5-19.jpg 979w\" sizes=\"auto, (max-width: 99px) 100vw, 99px\" \/><\/a>\n\t\t\t<\/div><\/figure><figure class='gallery-item'>\n\t\t\t<div class='gallery-icon landscape'>\n\t\t\t\t<a href='https:\/\/archive.sana.sy\/tr\/wp-content\/uploads\/2016\/04\/6-20.jpg'><img loading=\"lazy\" decoding=\"async\" width=\"150\" height=\"99\" src=\"https:\/\/archive.sana.sy\/tr\/wp-content\/uploads\/2016\/04\/6-20-150x99.jpg\" class=\"attachment-thumbnail size-thumbnail\" alt=\"\" srcset=\"https:\/\/archive.sana.sy\/tr\/wp-content\/uploads\/2016\/04\/6-20-150x99.jpg 150w, https:\/\/archive.sana.sy\/tr\/wp-content\/uploads\/2016\/04\/6-20-300x199.jpg 300w, https:\/\/archive.sana.sy\/tr\/wp-content\/uploads\/2016\/04\/6-20-768x509.jpg 768w, https:\/\/archive.sana.sy\/tr\/wp-content\/uploads\/2016\/04\/6-20-1024x679.jpg 1024w, https:\/\/archive.sana.sy\/tr\/wp-content\/uploads\/2016\/04\/6-20-310x205.jpg 310w, https:\/\/archive.sana.sy\/tr\/wp-content\/uploads\/2016\/04\/6-20.jpg 1393w\" sizes=\"auto, (max-width: 150px) 100vw, 150px\" \/><\/a>\n\t\t\t<\/div><\/figure><figure class='gallery-item'>\n\t\t\t<div class='gallery-icon landscape'>\n\t\t\t\t<a href='https:\/\/archive.sana.sy\/tr\/wp-content\/uploads\/2016\/04\/7-17.jpg'><img loading=\"lazy\" decoding=\"async\" width=\"150\" height=\"108\" src=\"https:\/\/archive.sana.sy\/tr\/wp-content\/uploads\/2016\/04\/7-17-150x108.jpg\" class=\"attachment-thumbnail size-thumbnail\" alt=\"\" srcset=\"https:\/\/archive.sana.sy\/tr\/wp-content\/uploads\/2016\/04\/7-17-150x108.jpg 150w, https:\/\/archive.sana.sy\/tr\/wp-content\/uploads\/2016\/04\/7-17-300x217.jpg 300w, https:\/\/archive.sana.sy\/tr\/wp-content\/uploads\/2016\/04\/7-17-768x554.jpg 768w, https:\/\/archive.sana.sy\/tr\/wp-content\/uploads\/2016\/04\/7-17-1024x739.jpg 1024w, https:\/\/archive.sana.sy\/tr\/wp-content\/uploads\/2016\/04\/7-17.jpg 1218w\" sizes=\"auto, (max-width: 150px) 100vw, 150px\" \/><\/a>\n\t\t\t<\/div><\/figure><figure class='gallery-item'>\n\t\t\t<div class='gallery-icon landscape'>\n\t\t\t\t<a href='https:\/\/archive.sana.sy\/tr\/wp-content\/uploads\/2016\/04\/8-12.jpg'><img loading=\"lazy\" decoding=\"async\" width=\"150\" height=\"99\" src=\"https:\/\/archive.sana.sy\/tr\/wp-content\/uploads\/2016\/04\/8-12-150x99.jpg\" class=\"attachment-thumbnail size-thumbnail\" alt=\"\" srcset=\"https:\/\/archive.sana.sy\/tr\/wp-content\/uploads\/2016\/04\/8-12-150x99.jpg 150w, https:\/\/archive.sana.sy\/tr\/wp-content\/uploads\/2016\/04\/8-12-300x199.jpg 300w, https:\/\/archive.sana.sy\/tr\/wp-content\/uploads\/2016\/04\/8-12-768x509.jpg 768w, https:\/\/archive.sana.sy\/tr\/wp-content\/uploads\/2016\/04\/8-12-1024x678.jpg 1024w, https:\/\/archive.sana.sy\/tr\/wp-content\/uploads\/2016\/04\/8-12-310x205.jpg 310w, https:\/\/archive.sana.sy\/tr\/wp-content\/uploads\/2016\/04\/8-12.jpg 1478w\" sizes=\"auto, (max-width: 150px) 100vw, 150px\" \/><\/a>\n\t\t\t<\/div><\/figure><figure class='gallery-item'>\n\t\t\t<div class='gallery-icon landscape'>\n\t\t\t\t<a href='https:\/\/archive.sana.sy\/tr\/wp-content\/uploads\/2016\/04\/9-9.jpg'><img loading=\"lazy\" decoding=\"async\" width=\"150\" height=\"99\" src=\"https:\/\/archive.sana.sy\/tr\/wp-content\/uploads\/2016\/04\/9-9-150x99.jpg\" class=\"attachment-thumbnail size-thumbnail\" alt=\"\" srcset=\"https:\/\/archive.sana.sy\/tr\/wp-content\/uploads\/2016\/04\/9-9-150x99.jpg 150w, https:\/\/archive.sana.sy\/tr\/wp-content\/uploads\/2016\/04\/9-9-300x199.jpg 300w, https:\/\/archive.sana.sy\/tr\/wp-content\/uploads\/2016\/04\/9-9-768x509.jpg 768w, https:\/\/archive.sana.sy\/tr\/wp-content\/uploads\/2016\/04\/9-9-1024x678.jpg 1024w, https:\/\/archive.sana.sy\/tr\/wp-content\/uploads\/2016\/04\/9-9-310x205.jpg 310w, https:\/\/archive.sana.sy\/tr\/wp-content\/uploads\/2016\/04\/9-9.jpg 1478w\" sizes=\"auto, (max-width: 150px) 100vw, 150px\" \/><\/a>\n\t\t\t<\/div><\/figure>\n\t\t<\/div>\n\n<p>R.H.<\/p>\n","protected":false},"excerpt":{"rendered":"<p>HALEP \u2013 Erdo\u011fan ve Al Suud rejimlerinin destek ve komutas\u0131yla sivil b\u00f6lgelere geli\u015fig\u00fczel sald\u0131r\u0131lar\u0131n\u0131 s\u00fcrd\u00fcren Nusra Cephesi ve m\u00fcttefiki di\u011fer ter\u00f6ristler bug\u00fcn yine bir \u00e7ok vatanda\u015f\u0131n \u015fehit ve yaral\u0131 d\u00fc\u015fmelerine yol a\u00e7t\u0131. Halep Emniyet M\u00fcd\u00fcrl\u00fc\u011f\u00fcnde yetkili bir kaynak SANA\u2019ya a\u00e7\u0131klamas\u0131nda Halep Kentinin Bostan el Pa\u015fa ve Bostan el Kasr semtlerinde siperlenen keskin ni\u015fanc\u0131 ter\u00f6ristlerin Me\u015farika &hellip;<\/p>\n","protected":false},"author":1,"featured_media":70978,"comment_status":"closed","ping_status":"closed","sticky":false,"template":"","format":"standard","meta":{"footnotes":""},"categories":[479,575,17988,478],"tags":[20774],"class_list":["post-70904","post","type-post","status-publish","format-standard","has-post-thumbnail","","category-haberler-yerel","category-olaylar-ve-gercekler","category-son-haberler","category-yerel","tag-erdogan-rejimine-tabi-ceteler-sivillere-saldirilarini-surduruyor"],"_links":{"self":[{"href":"https:\/\/archive.sana.sy\/tr\/index.php?rest_route=\/wp\/v2\/posts\/70904","targetHints":{"allow":["GET"]}}],"collection":[{"href":"https:\/\/archive.sana.sy\/tr\/index.php?rest_route=\/wp\/v2\/posts"}],"about":[{"href":"https:\/\/archive.sana.sy\/tr\/index.php?rest_route=\/wp\/v2\/types\/post"}],"author":[{"embeddable":true,"href":"https:\/\/archive.sana.sy\/tr\/index.php?rest_route=\/wp\/v2\/users\/1"}],"replies":[{"embeddable":true,"href":"https:\/\/archive.sana.sy\/tr\/index.php?rest_route=%2Fwp%2Fv2%2Fcomments&post=70904"}],"version-history":[{"count":0,"href":"https:\/\/archive.sana.sy\/tr\/index.php?rest_route=\/wp\/v2\/posts\/70904\/revisions"}],"wp:featuredmedia":[{"embeddable":true,"href":"https:\/\/archive.sana.sy\/tr\/index.php?rest_route=\/wp\/v2\/media\/70978"}],"wp:attachment":[{"href":"https:\/\/archive.sana.sy\/tr\/index.php?rest_route=%2Fwp%2Fv2%2Fmedia&parent=70904"}],"wp:term":[{"taxonomy":"category","embeddable":true,"href":"https:\/\/archive.sana.sy\/tr\/index.php?rest_route=%2Fwp%2Fv2%2Fcategories&post=70904"},{"taxonomy":"post_tag","embeddable":true,"href":"https:\/\/archive.sana.sy\/tr\/index.php?rest_route=%2Fwp%2Fv2%2Ftags&post=70904"}],"curies":[{"name":"wp","href":"https:\/\/api.w.org\/{rel}","templated":true}]}}