{"id":70907,"date":"2016-04-27T10:20:21","date_gmt":"2016-04-27T07:20:21","guid":{"rendered":"http:\/\/www.sana.sy\/tr\/?p=70907"},"modified":"2016-04-27T13:35:50","modified_gmt":"2016-04-27T10:35:50","slug":"sanaya-aciklama-yapan-askeri-kaynak-hava-guclerimizin-idlib-kirsalinin-kefarsecna-koyunde-kaide-orgutunun-suriye-kolu-olan-ve-turkiyede-erdogan-rejiminden-destek-alan-nusra-cephesinin-bir-a","status":"publish","type":"post","link":"https:\/\/archive.sana.sy\/tr\/?p=70907","title":{"rendered":"SANA\u2019ya a\u00e7\u0131klama yapan askeri kaynak hava g\u00fc\u00e7lerimizin \u0130dlib k\u0131rsal\u0131n\u0131n Kefarsecna K\u00f6y\u00fcnde Kaide \u00d6rg\u00fct\u00fcn\u00fcn Suriye kolu olan ve T\u00fcrkiye&#8217;de Erdo\u011fan rejiminden destek alan Nusra Cephesinin bir ana karargah\u0131n\u0131 muhtevalar\u0131yla imha ettiklerini belirtti"},"content":{"rendered":"<p>SANA\u2019ya a\u00e7\u0131klama yapan askeri kaynak hava g\u00fc\u00e7lerimizin \u0130dlib k\u0131rsal\u0131n\u0131n Kefarsecna K\u00f6y\u00fcnde Kaide \u00d6rg\u00fct\u00fcn\u00fcn Suriye kolu olan ve T\u00fcrkiye&#8217;de Erdo\u011fan rejiminden destek alan Nusra Cephesinin bir ana karargah\u0131n\u0131 muhtevalar\u0131yla imha ettiklerini belirtti<\/p>\n","protected":false},"excerpt":{"rendered":"<p>SANA\u2019ya a\u00e7\u0131klama yapan askeri kaynak hava g\u00fc\u00e7lerimizin \u0130dlib k\u0131rsal\u0131n\u0131n Kefarsecna K\u00f6y\u00fcnde Kaide \u00d6rg\u00fct\u00fcn\u00fcn Suriye kolu olan ve T\u00fcrkiye&#8217;de Erdo\u011fan rejiminden destek alan Nusra Cephesinin bir ana karargah\u0131n\u0131 muhtevalar\u0131yla imha ettiklerini belirtti<\/p>\n","protected":false},"author":1,"featured_media":0,"comment_status":"closed","ping_status":"closed","sticky":false,"template":"","format":"standard","meta":{"footnotes":""},"categories":[17991],"tags":[],"class_list":["post-70907","post","type-post","status-publish","format-standard","","category-son-dakika"],"_links":{"self":[{"href":"https:\/\/archive.sana.sy\/tr\/index.php?rest_route=\/wp\/v2\/posts\/70907","targetHints":{"allow":["GET"]}}],"collection":[{"href":"https:\/\/archive.sana.sy\/tr\/index.php?rest_route=\/wp\/v2\/posts"}],"about":[{"href":"https:\/\/archive.sana.sy\/tr\/index.php?rest_route=\/wp\/v2\/types\/post"}],"author":[{"embeddable":true,"href":"https:\/\/archive.sana.sy\/tr\/index.php?rest_route=\/wp\/v2\/users\/1"}],"replies":[{"embeddable":true,"href":"https:\/\/archive.sana.sy\/tr\/index.php?rest_route=%2Fwp%2Fv2%2Fcomments&post=70907"}],"version-history":[{"count":0,"href":"https:\/\/archive.sana.sy\/tr\/index.php?rest_route=\/wp\/v2\/posts\/70907\/revisions"}],"wp:attachment":[{"href":"https:\/\/archive.sana.sy\/tr\/index.php?rest_route=%2Fwp%2Fv2%2Fmedia&parent=70907"}],"wp:term":[{"taxonomy":"category","embeddable":true,"href":"https:\/\/archive.sana.sy\/tr\/index.php?rest_route=%2Fwp%2Fv2%2Fcategories&post=70907"},{"taxonomy":"post_tag","embeddable":true,"href":"https:\/\/archive.sana.sy\/tr\/index.php?rest_route=%2Fwp%2Fv2%2Ftags&post=70907"}],"curies":[{"name":"wp","href":"https:\/\/api.w.org\/{rel}","templated":true}]}}