{"id":70912,"date":"2016-04-27T10:39:22","date_gmt":"2016-04-27T07:39:22","guid":{"rendered":"http:\/\/www.sana.sy\/tr\/?p=70912"},"modified":"2016-04-27T13:42:15","modified_gmt":"2016-04-27T10:42:15","slug":"askeri-kaynak-ordu-birliklerimizin-suveyda-kirsalinin-kuzeydogusu-kasr-koyunde-isid-tekfircilerine-ait-agir-silahla-donatilmis-bir-araci-teror-ekibiyle-birlikte-imha-ettiklerini-aktardi","status":"publish","type":"post","link":"https:\/\/archive.sana.sy\/tr\/?p=70912","title":{"rendered":"Askeri kaynak ordu birliklerimizin S\u00fcveyda k\u0131rsal\u0131n\u0131n kuzeydo\u011fusu Kasr K\u00f6y\u00fcnde I\u015e\u0130D tekfircilerine ait a\u011f\u0131r silahla donat\u0131lm\u0131\u015f bir arac\u0131 ter\u00f6r ekibiyle birlikte imha ettiklerini aktard\u0131"},"content":{"rendered":"<p>Askeri kaynak ordu birliklerimizin S\u00fcveyda k\u0131rsal\u0131n\u0131n kuzeydo\u011fusu Kasr K\u00f6y\u00fcnde I\u015e\u0130D tekfircilerine ait a\u011f\u0131r silahla donat\u0131lm\u0131\u015f bir arac\u0131 ter\u00f6r ekibiyle birlikte imha ettiklerini aktard\u0131<\/p>\n","protected":false},"excerpt":{"rendered":"<p>Askeri kaynak ordu birliklerimizin S\u00fcveyda k\u0131rsal\u0131n\u0131n kuzeydo\u011fusu Kasr K\u00f6y\u00fcnde I\u015e\u0130D tekfircilerine ait a\u011f\u0131r silahla donat\u0131lm\u0131\u015f bir arac\u0131 ter\u00f6r ekibiyle birlikte imha ettiklerini aktard\u0131<\/p>\n","protected":false},"author":1,"featured_media":0,"comment_status":"closed","ping_status":"closed","sticky":false,"template":"","format":"standard","meta":{"footnotes":""},"categories":[17991],"tags":[],"class_list":["post-70912","post","type-post","status-publish","format-standard","","category-son-dakika"],"_links":{"self":[{"href":"https:\/\/archive.sana.sy\/tr\/index.php?rest_route=\/wp\/v2\/posts\/70912","targetHints":{"allow":["GET"]}}],"collection":[{"href":"https:\/\/archive.sana.sy\/tr\/index.php?rest_route=\/wp\/v2\/posts"}],"about":[{"href":"https:\/\/archive.sana.sy\/tr\/index.php?rest_route=\/wp\/v2\/types\/post"}],"author":[{"embeddable":true,"href":"https:\/\/archive.sana.sy\/tr\/index.php?rest_route=\/wp\/v2\/users\/1"}],"replies":[{"embeddable":true,"href":"https:\/\/archive.sana.sy\/tr\/index.php?rest_route=%2Fwp%2Fv2%2Fcomments&post=70912"}],"version-history":[{"count":0,"href":"https:\/\/archive.sana.sy\/tr\/index.php?rest_route=\/wp\/v2\/posts\/70912\/revisions"}],"wp:attachment":[{"href":"https:\/\/archive.sana.sy\/tr\/index.php?rest_route=%2Fwp%2Fv2%2Fmedia&parent=70912"}],"wp:term":[{"taxonomy":"category","embeddable":true,"href":"https:\/\/archive.sana.sy\/tr\/index.php?rest_route=%2Fwp%2Fv2%2Fcategories&post=70912"},{"taxonomy":"post_tag","embeddable":true,"href":"https:\/\/archive.sana.sy\/tr\/index.php?rest_route=%2Fwp%2Fv2%2Ftags&post=70912"}],"curies":[{"name":"wp","href":"https:\/\/api.w.org\/{rel}","templated":true}]}}