{"id":70925,"date":"2016-04-27T14:20:23","date_gmt":"2016-04-27T11:20:23","guid":{"rendered":"http:\/\/www.sana.sy\/tr\/?p=70925"},"modified":"2016-04-28T11:26:15","modified_gmt":"2016-04-28T08:26:15","slug":"mahkeme-26-itiraz-dilekcesini-inceleyip-karara-bagladi","status":"publish","type":"post","link":"https:\/\/archive.sana.sy\/tr\/?p=70925","title":{"rendered":"Mahkeme 26 \u0130tiraz Dilek\u00e7esini \u0130nceleyip Karara Ba\u011flad\u0131"},"content":{"rendered":"<p>\u015eAM \u2013 Y\u00fcksek Anayasa Mahkemesi Ba\u015fkan\u0131 Yarg\u0131\u00e7 Adnan Zreyk mahkemenin 13 Nisan tarihinde yap\u0131lan Halk Meclisi se\u00e7imlerinin sonu\u00e7lar\u0131na ili\u015fkin 26 itiraz dilek\u00e7esi ald\u0131\u011f\u0131n\u0131 ilan etti.<\/p>\n<p>Yarg\u0131\u00e7 Zreyk bug\u00fcn SANA\u2019ya yapt\u0131\u011f\u0131 a\u00e7\u0131klamada 16 Nisanda ilan edilen ve itiraz s\u00fcresi d\u00fcn mesai saatinin bitiminde sona eren itiraz s\u00fcresi boyunca mahkemeye muhtelif illerden 26 itiraz dilek\u00e7esinin takdim edildi\u011fini belirtti. \u0130tiraz dilek\u00e7elerinin tamam\u0131n\u0131n anayasa ve se\u00e7im kanunlar\u0131 \u00e7er\u00e7evesinde dakik bir \u015fekilde incelendi\u011fini ifade eden Yarg\u0131\u00e7 Zreyk; delil yetersizli\u011fi ya da se\u00e7im kanunlar\u0131na herhangi bir ihlal oldu\u011funun g\u00f6r\u00fclmemesiyle mahkeme \u00fcyelerinin \u00e7o\u011funluk oylar\u0131yla dilek\u00e7elerin tamam\u0131n\u0131 reddetme karar\u0131 ald\u0131\u011f\u0131n\u0131 a\u00e7\u0131klad\u0131. Yarg\u0131\u00e7 Zreyk anayasa ve kanunlar kapsam\u0131nda mahkemenin bu karar\u0131na itiraz hakk\u0131n\u0131n bulunmad\u0131\u011f\u0131n\u0131 s\u00f6zlerine ekledi.<\/p>\n","protected":false},"excerpt":{"rendered":"<p>\u015eAM \u2013 Y\u00fcksek Anayasa Mahkemesi Ba\u015fkan\u0131 Yarg\u0131\u00e7 Adnan Zreyk mahkemenin 13 Nisan tarihinde yap\u0131lan Halk Meclisi se\u00e7imlerinin sonu\u00e7lar\u0131na ili\u015fkin 26 itiraz dilek\u00e7esi ald\u0131\u011f\u0131n\u0131 ilan etti. Yarg\u0131\u00e7 Zreyk bug\u00fcn SANA\u2019ya yapt\u0131\u011f\u0131 a\u00e7\u0131klamada 16 Nisanda ilan edilen ve itiraz s\u00fcresi d\u00fcn mesai saatinin bitiminde sona eren itiraz s\u00fcresi boyunca mahkemeye muhtelif illerden 26 itiraz dilek\u00e7esinin takdim edildi\u011fini &hellip;<\/p>\n","protected":false},"author":1,"featured_media":70927,"comment_status":"closed","ping_status":"closed","sticky":false,"template":"","format":"standard","meta":{"footnotes":""},"categories":[479,17988,478],"tags":[19547,20778,19949,19548,20524,20779],"class_list":["post-70925","post","type-post","status-publish","format-standard","has-post-thumbnail","","category-haberler-yerel","category-son-haberler","category-yerel","tag-halk-meclisi-secimleri","tag-mahkeme-26-itiraz-dilekcesini-inceleyip-karara-bagladi","tag-milletvekili-secimleri","tag-parlamento-secimleri","tag-secim-sonuclari","tag-yuksek-anayasa-mahkemesi"],"_links":{"self":[{"href":"https:\/\/archive.sana.sy\/tr\/index.php?rest_route=\/wp\/v2\/posts\/70925","targetHints":{"allow":["GET"]}}],"collection":[{"href":"https:\/\/archive.sana.sy\/tr\/index.php?rest_route=\/wp\/v2\/posts"}],"about":[{"href":"https:\/\/archive.sana.sy\/tr\/index.php?rest_route=\/wp\/v2\/types\/post"}],"author":[{"embeddable":true,"href":"https:\/\/archive.sana.sy\/tr\/index.php?rest_route=\/wp\/v2\/users\/1"}],"replies":[{"embeddable":true,"href":"https:\/\/archive.sana.sy\/tr\/index.php?rest_route=%2Fwp%2Fv2%2Fcomments&post=70925"}],"version-history":[{"count":0,"href":"https:\/\/archive.sana.sy\/tr\/index.php?rest_route=\/wp\/v2\/posts\/70925\/revisions"}],"wp:featuredmedia":[{"embeddable":true,"href":"https:\/\/archive.sana.sy\/tr\/index.php?rest_route=\/wp\/v2\/media\/70927"}],"wp:attachment":[{"href":"https:\/\/archive.sana.sy\/tr\/index.php?rest_route=%2Fwp%2Fv2%2Fmedia&parent=70925"}],"wp:term":[{"taxonomy":"category","embeddable":true,"href":"https:\/\/archive.sana.sy\/tr\/index.php?rest_route=%2Fwp%2Fv2%2Fcategories&post=70925"},{"taxonomy":"post_tag","embeddable":true,"href":"https:\/\/archive.sana.sy\/tr\/index.php?rest_route=%2Fwp%2Fv2%2Ftags&post=70925"}],"curies":[{"name":"wp","href":"https:\/\/api.w.org\/{rel}","templated":true}]}}