{"id":70929,"date":"2016-04-27T15:55:41","date_gmt":"2016-04-27T12:55:41","guid":{"rendered":"http:\/\/www.sana.sy\/tr\/?p=70929"},"modified":"2016-04-27T15:55:41","modified_gmt":"2016-04-27T12:55:41","slug":"iside-giden-israil-yapimi-mayinlar-yakalandi","status":"publish","type":"post","link":"https:\/\/archive.sana.sy\/tr\/?p=70929","title":{"rendered":"I\u015e\u0130D\u2019e Giden \u0130srail Yap\u0131m\u0131 May\u0131nlar Yakaland\u0131"},"content":{"rendered":"<p>G\u00fcvenlik birimleri \u0130srail ve Al Suud rejiminin destekledikleri tekfirci ter\u00f6ristlerin Dera k\u0131rsal\u0131 ile \u015eam k\u0131rsal\u0131 ve Badiye aras\u0131nda ge\u00e7it olarak kulland\u0131klar\u0131 S\u00fcveyda k\u0131rsal\u0131nda I\u015e\u0130D tekfircilerine giden ve i\u00e7inde \u0130srail yap\u0131m\u0131 may\u0131nlar\u0131n bulundu\u011fu cephane y\u00fckl\u00fc bir ara\u00e7 yakalad\u0131.<\/p>\n<p>https:\/\/www.youtube.com\/watch?v=M9mu329ZMNs<\/p>\n","protected":false},"excerpt":{"rendered":"<p>G\u00fcvenlik birimleri \u0130srail ve Al Suud rejiminin destekledikleri tekfirci ter\u00f6ristlerin Dera k\u0131rsal\u0131 ile \u015eam k\u0131rsal\u0131 ve Badiye aras\u0131nda ge\u00e7it olarak kulland\u0131klar\u0131 S\u00fcveyda k\u0131rsal\u0131nda I\u015e\u0130D tekfircilerine giden ve i\u00e7inde \u0130srail yap\u0131m\u0131 may\u0131nlar\u0131n bulundu\u011fu cephane y\u00fckl\u00fc bir ara\u00e7 yakalad\u0131. https:\/\/www.youtube.com\/watch?v=M9mu329ZMNs<\/p>\n","protected":false},"author":1,"featured_media":70897,"comment_status":"closed","ping_status":"closed","sticky":false,"template":"","format":"standard","meta":{"footnotes":""},"categories":[18295],"tags":[],"class_list":["post-70929","post","type-post","status-publish","format-standard","has-post-thumbnail","","category-sana-video"],"_links":{"self":[{"href":"https:\/\/archive.sana.sy\/tr\/index.php?rest_route=\/wp\/v2\/posts\/70929","targetHints":{"allow":["GET"]}}],"collection":[{"href":"https:\/\/archive.sana.sy\/tr\/index.php?rest_route=\/wp\/v2\/posts"}],"about":[{"href":"https:\/\/archive.sana.sy\/tr\/index.php?rest_route=\/wp\/v2\/types\/post"}],"author":[{"embeddable":true,"href":"https:\/\/archive.sana.sy\/tr\/index.php?rest_route=\/wp\/v2\/users\/1"}],"replies":[{"embeddable":true,"href":"https:\/\/archive.sana.sy\/tr\/index.php?rest_route=%2Fwp%2Fv2%2Fcomments&post=70929"}],"version-history":[{"count":0,"href":"https:\/\/archive.sana.sy\/tr\/index.php?rest_route=\/wp\/v2\/posts\/70929\/revisions"}],"wp:featuredmedia":[{"embeddable":true,"href":"https:\/\/archive.sana.sy\/tr\/index.php?rest_route=\/wp\/v2\/media\/70897"}],"wp:attachment":[{"href":"https:\/\/archive.sana.sy\/tr\/index.php?rest_route=%2Fwp%2Fv2%2Fmedia&parent=70929"}],"wp:term":[{"taxonomy":"category","embeddable":true,"href":"https:\/\/archive.sana.sy\/tr\/index.php?rest_route=%2Fwp%2Fv2%2Fcategories&post=70929"},{"taxonomy":"post_tag","embeddable":true,"href":"https:\/\/archive.sana.sy\/tr\/index.php?rest_route=%2Fwp%2Fv2%2Ftags&post=70929"}],"curies":[{"name":"wp","href":"https:\/\/api.w.org\/{rel}","templated":true}]}}