{"id":7095,"date":"2014-08-12T14:53:06","date_gmt":"2014-08-12T11:53:06","guid":{"rendered":"http:\/\/www.sana.sy\/tr\/?p=7095"},"modified":"2014-08-12T16:56:59","modified_gmt":"2014-08-12T13:56:59","slug":"tekfirci-teror-orgutleri-ve-destekcilerine-karsi-guclu-kararlar-alinmalidir","status":"publish","type":"post","link":"https:\/\/archive.sana.sy\/tr\/?p=7095","title":{"rendered":"Tekfirci Ter\u00f6r \u00d6rg\u00fctleri ve Destek\u00e7ilerine Kar\u015f\u0131 G\u00fc\u00e7l\u00fc Kararlar Al\u0131nmal\u0131d\u0131r"},"content":{"rendered":"<p>TAHRAN \u2013 Tahran\u2019da d\u00fczenlenmekte olan Asya Parlamentolar\u0131 Daimi Komitesi toplant\u0131lar\u0131na Yusuf Mahmut Asaad ba\u015fkanl\u0131\u011f\u0131nda kat\u0131lan Suriye Halk Meclisi heyeti L\u00fcbnan, Pakistan, Banglade\u015f ve Endonezya parlamentolar\u0131 heyetleriyle oturum \u00e7al\u0131\u015fmalar\u0131n\u0131n g\u00fcndemini masaya yat\u0131rd\u0131.<\/p>\n<p>Halk Meclisi heyeti temaslar\u0131nda daimi komite oturumlar\u0131nda tekfirci ter\u00f6r \u00f6rg\u00fctleri ve onlar\u0131 destekleyenlere kar\u015f\u0131 g\u00fc\u00e7l\u00fc kararlar\u0131n al\u0131nmas\u0131n\u0131n yan\u0131 s\u0131ra ter\u00f6rle m\u00fccadelede etkin yollar belirleme gere\u011finin alt\u0131n\u0131 \u00e7izdi.<\/p>\n<p>Suriye heyeti temaslar\u0131nda ayr\u0131ca ter\u00f6r \u00f6rg\u00fctlerinin b\u00f6lge ve halklar\u0131n\u0131n sosyal yap\u0131s\u0131na ilaveten medeni miraslar\u0131na kar\u015f\u0131 te\u015fkil ettikleri b\u00fcy\u00fck tehlikelere burgu yapt\u0131.<\/p>\n","protected":false},"excerpt":{"rendered":"<p>TAHRAN \u2013 Tahran\u2019da d\u00fczenlenmekte olan Asya Parlamentolar\u0131 Daimi Komitesi toplant\u0131lar\u0131na Yusuf Mahmut Asaad ba\u015fkanl\u0131\u011f\u0131nda kat\u0131lan Suriye Halk Meclisi heyeti L\u00fcbnan, Pakistan, Banglade\u015f ve Endonezya parlamentolar\u0131 heyetleriyle oturum \u00e7al\u0131\u015fmalar\u0131n\u0131n g\u00fcndemini masaya yat\u0131rd\u0131. Halk Meclisi heyeti temaslar\u0131nda daimi komite oturumlar\u0131nda tekfirci ter\u00f6r \u00f6rg\u00fctleri ve onlar\u0131 destekleyenlere kar\u015f\u0131 g\u00fc\u00e7l\u00fc kararlar\u0131n al\u0131nmas\u0131n\u0131n yan\u0131 s\u0131ra ter\u00f6rle m\u00fccadelede etkin yollar belirleme &hellip;<\/p>\n","protected":false},"author":1,"featured_media":7096,"comment_status":"closed","ping_status":"closed","sticky":false,"template":"","format":"standard","meta":{"footnotes":""},"categories":[458,459,447,584],"tags":[1589],"class_list":["post-7095","post","type-post","status-publish","format-standard","has-post-thumbnail","","category-dunya1","category-haberler-arap-uluslararasi-politika","category-politika","category-yurtdisinda-sana-ofisleri","tag-tekfirci-teror-orgutleri-ve-destekcilerine-karsi-guclu-kararlar-alinmalidir"],"_links":{"self":[{"href":"https:\/\/archive.sana.sy\/tr\/index.php?rest_route=\/wp\/v2\/posts\/7095","targetHints":{"allow":["GET"]}}],"collection":[{"href":"https:\/\/archive.sana.sy\/tr\/index.php?rest_route=\/wp\/v2\/posts"}],"about":[{"href":"https:\/\/archive.sana.sy\/tr\/index.php?rest_route=\/wp\/v2\/types\/post"}],"author":[{"embeddable":true,"href":"https:\/\/archive.sana.sy\/tr\/index.php?rest_route=\/wp\/v2\/users\/1"}],"replies":[{"embeddable":true,"href":"https:\/\/archive.sana.sy\/tr\/index.php?rest_route=%2Fwp%2Fv2%2Fcomments&post=7095"}],"version-history":[{"count":0,"href":"https:\/\/archive.sana.sy\/tr\/index.php?rest_route=\/wp\/v2\/posts\/7095\/revisions"}],"wp:featuredmedia":[{"embeddable":true,"href":"https:\/\/archive.sana.sy\/tr\/index.php?rest_route=\/wp\/v2\/media\/7096"}],"wp:attachment":[{"href":"https:\/\/archive.sana.sy\/tr\/index.php?rest_route=%2Fwp%2Fv2%2Fmedia&parent=7095"}],"wp:term":[{"taxonomy":"category","embeddable":true,"href":"https:\/\/archive.sana.sy\/tr\/index.php?rest_route=%2Fwp%2Fv2%2Fcategories&post=7095"},{"taxonomy":"post_tag","embeddable":true,"href":"https:\/\/archive.sana.sy\/tr\/index.php?rest_route=%2Fwp%2Fv2%2Ftags&post=7095"}],"curies":[{"name":"wp","href":"https:\/\/api.w.org\/{rel}","templated":true}]}}