{"id":70952,"date":"2016-04-27T19:53:00","date_gmt":"2016-04-27T16:53:00","guid":{"rendered":"http:\/\/sana.sy\/tr\/?p=70952"},"modified":"2016-04-27T19:53:05","modified_gmt":"2016-04-27T16:53:05","slug":"sana-muhabiri-aksam-saatlerinde-teroristlerin-halep-kentinin-sivil-yerlesim-alanlarindan-muhafaza-cemiliye-aziziye-bab-el-farac-ve-suleyman-el-halebi-semtlerinde-savunmasiz-sivil-vatandaslara-gelis","status":"publish","type":"post","link":"https:\/\/archive.sana.sy\/tr\/?p=70952","title":{"rendered":"SANA muhabiri ak\u015fam saatlerinde ter\u00f6ristlerin Halep kentinin sivil yerle\u015fim alanlar\u0131ndan Muhafaza, Cemiliye, Aziziye, Bab el Farac ve S\u00fcleyman el Halebi semtlerinde savunmas\u0131z sivil vatanda\u015flara geli\u015fig\u00fczel f\u00fcze sald\u0131r\u0131lar\u0131nda bulunduklar\u0131n\u0131 aktar\u0131rken, bu sald\u0131r\u0131larda da 2 vatanda\u015f\u0131n \u015fehit, 15 vatanda\u015f\u0131n da yaral\u0131 d\u00fc\u015ft\u00fcklerini s\u00f6yledi"},"content":{"rendered":"<p>SANA muhabiri ak\u015fam saatlerinde ter\u00f6ristlerin Halep kentinin sivil yerle\u015fim alanlar\u0131ndan Muhafaza, Cemiliye, Aziziye, Bab el Farac ve S\u00fcleyman el Halebi semtlerinde savunmas\u0131z sivil vatanda\u015flara geli\u015fig\u00fczel f\u00fcze sald\u0131r\u0131lar\u0131nda bulunduklar\u0131n\u0131 aktar\u0131rken, bu sald\u0131r\u0131larda da 2 vatanda\u015f\u0131n \u015fehit, 15 vatanda\u015f\u0131n da yaral\u0131 d\u00fc\u015ft\u00fcklerini s\u00f6yledi<\/p>\n","protected":false},"excerpt":{"rendered":"<p>SANA muhabiri ak\u015fam saatlerinde ter\u00f6ristlerin Halep kentinin sivil yerle\u015fim alanlar\u0131ndan Muhafaza, Cemiliye, Aziziye, Bab el Farac ve S\u00fcleyman el Halebi semtlerinde savunmas\u0131z sivil vatanda\u015flara geli\u015fig\u00fczel f\u00fcze sald\u0131r\u0131lar\u0131nda bulunduklar\u0131n\u0131 aktar\u0131rken, bu sald\u0131r\u0131larda da 2 vatanda\u015f\u0131n \u015fehit, 15 vatanda\u015f\u0131n da yaral\u0131 d\u00fc\u015ft\u00fcklerini s\u00f6yledi<\/p>\n","protected":false},"author":1,"featured_media":0,"comment_status":"closed","ping_status":"closed","sticky":false,"template":"","format":"standard","meta":{"footnotes":""},"categories":[17991],"tags":[],"class_list":["post-70952","post","type-post","status-publish","format-standard","","category-son-dakika"],"_links":{"self":[{"href":"https:\/\/archive.sana.sy\/tr\/index.php?rest_route=\/wp\/v2\/posts\/70952","targetHints":{"allow":["GET"]}}],"collection":[{"href":"https:\/\/archive.sana.sy\/tr\/index.php?rest_route=\/wp\/v2\/posts"}],"about":[{"href":"https:\/\/archive.sana.sy\/tr\/index.php?rest_route=\/wp\/v2\/types\/post"}],"author":[{"embeddable":true,"href":"https:\/\/archive.sana.sy\/tr\/index.php?rest_route=\/wp\/v2\/users\/1"}],"replies":[{"embeddable":true,"href":"https:\/\/archive.sana.sy\/tr\/index.php?rest_route=%2Fwp%2Fv2%2Fcomments&post=70952"}],"version-history":[{"count":0,"href":"https:\/\/archive.sana.sy\/tr\/index.php?rest_route=\/wp\/v2\/posts\/70952\/revisions"}],"wp:attachment":[{"href":"https:\/\/archive.sana.sy\/tr\/index.php?rest_route=%2Fwp%2Fv2%2Fmedia&parent=70952"}],"wp:term":[{"taxonomy":"category","embeddable":true,"href":"https:\/\/archive.sana.sy\/tr\/index.php?rest_route=%2Fwp%2Fv2%2Fcategories&post=70952"},{"taxonomy":"post_tag","embeddable":true,"href":"https:\/\/archive.sana.sy\/tr\/index.php?rest_route=%2Fwp%2Fv2%2Ftags&post=70952"}],"curies":[{"name":"wp","href":"https:\/\/api.w.org\/{rel}","templated":true}]}}