{"id":70957,"date":"2016-04-27T19:00:06","date_gmt":"2016-04-27T16:00:06","guid":{"rendered":"http:\/\/sana.sy\/tr\/?p=70957"},"modified":"2016-04-28T11:25:44","modified_gmt":"2016-04-28T08:25:44","slug":"palmira-tarihi-onemini-koruyor","status":"publish","type":"post","link":"https:\/\/archive.sana.sy\/tr\/?p=70957","title":{"rendered":"Palmira Tarihi \u00d6nemini Koruyor"},"content":{"rendered":"<p>PAR\u0130S \u2013 BM E\u011fitim K\u00fclt\u00fcr ve Bilim \u00d6rg\u00fct\u00fc UNESCO d\u00fcnya miras\u0131 listesinde yer alan Antik Palmira Kentine \u00f6rg\u00fctte d\u00fcnya miras\u0131 merkez m\u00fcd\u00fcr\u00fc Mechtild Roessler ba\u015fkanl\u0131\u011f\u0131nda uzman bir heyet g\u00f6nderip incelemelerde bulunmas\u0131 ard\u0131ndan Palmira Kentinin I\u015e\u0130D sald\u0131r\u0131s\u0131na ra\u011fmen tarihi eserleri ve arkeolojik \u00f6zelli\u011finin b\u00fcy\u00fck \u00e7o\u011funlu\u011funu korudu\u011funu belirtti.<\/p>\n<p>\u00d6rg\u00fct uzman ekibinin incelemelerine dayand\u0131rd\u0131\u011f\u0131 ve bug\u00fcn yay\u0131nlad\u0131\u011f\u0131 raporunda; I\u015e\u0130D\u2019in Palmira\u2019da \u00f6nemli tarihi eserler ve sembolleri sabote etmelerine ra\u011fmen kentin hala tarihi \u00f6nem ve de\u011ferini korudu\u011funu ifade etti. Raporda I\u015e\u0130D\u2019in ta\u015f\u0131nmas\u0131 zor tarihi eserler ve heykellere hasar verdi\u011fine dikkat \u00e7ekilirken bu eserlerin par\u00e7alar\u0131n\u0131n yerlerde durdu\u011funa i\u015faret etti.<\/p>\n<p>UNESCO raporunda tarihi eserlerin restore edilmesi ve korunmas\u0131nda ilgili taraflarla ortak \u00e7abalarda bulunaca\u011f\u0131n\u0131 ifade ederken, 24 \u2013 26 Nisan tarihleri aras\u0131nda Suriye&#8217;yi ziyaret eden uzman ekibinin bu ba\u011flamda acil ve \u00f6n icraatlar\u0131 belirleme \u00e7al\u0131\u015fmalar\u0131nda bulundu\u011funu belirtti.<\/p>\n<p>Bu arada Haziran ay\u0131n\u0131n 2 ila 3 tarihleri aras\u0131nda Almanya\u2019n\u0131n Belin Kentinde Suriye&#8217;de arkeolojik b\u00f6lgeler ve tarihi eserlerin korunmas\u0131 konusunda uluslararas\u0131 uzmanlar\u0131n kat\u0131laca\u011f\u0131 bir konferans\u0131n d\u00fczenlenmesi bekleniyor.<\/p>\n","protected":false},"excerpt":{"rendered":"<p>PAR\u0130S \u2013 BM E\u011fitim K\u00fclt\u00fcr ve Bilim \u00d6rg\u00fct\u00fc UNESCO d\u00fcnya miras\u0131 listesinde yer alan Antik Palmira Kentine \u00f6rg\u00fctte d\u00fcnya miras\u0131 merkez m\u00fcd\u00fcr\u00fc Mechtild Roessler ba\u015fkanl\u0131\u011f\u0131nda uzman bir heyet g\u00f6nderip incelemelerde bulunmas\u0131 ard\u0131ndan Palmira Kentinin I\u015e\u0130D sald\u0131r\u0131s\u0131na ra\u011fmen tarihi eserleri ve arkeolojik \u00f6zelli\u011finin b\u00fcy\u00fck \u00e7o\u011funlu\u011funu korudu\u011funu belirtti. \u00d6rg\u00fct uzman ekibinin incelemelerine dayand\u0131rd\u0131\u011f\u0131 ve bug\u00fcn yay\u0131nlad\u0131\u011f\u0131 raporunda; &hellip;<\/p>\n","protected":false},"author":1,"featured_media":70958,"comment_status":"closed","ping_status":"closed","sticky":false,"template":"","format":"standard","meta":{"footnotes":""},"categories":[458,516,459,511,17988],"tags":[20781,20780],"class_list":["post-70957","post","type-post","status-publish","format-standard","has-post-thumbnail","","category-dunya1","category-haberler-kultur-ve-sanat","category-haberler-arap-uluslararasi-politika","category-kultur-ve-sanat","category-son-haberler","tag-dunya-mirasi-merkez-muduru-mechtild-roessler","tag-palmira-tarihi-onemini-koruyor"],"_links":{"self":[{"href":"https:\/\/archive.sana.sy\/tr\/index.php?rest_route=\/wp\/v2\/posts\/70957","targetHints":{"allow":["GET"]}}],"collection":[{"href":"https:\/\/archive.sana.sy\/tr\/index.php?rest_route=\/wp\/v2\/posts"}],"about":[{"href":"https:\/\/archive.sana.sy\/tr\/index.php?rest_route=\/wp\/v2\/types\/post"}],"author":[{"embeddable":true,"href":"https:\/\/archive.sana.sy\/tr\/index.php?rest_route=\/wp\/v2\/users\/1"}],"replies":[{"embeddable":true,"href":"https:\/\/archive.sana.sy\/tr\/index.php?rest_route=%2Fwp%2Fv2%2Fcomments&post=70957"}],"version-history":[{"count":0,"href":"https:\/\/archive.sana.sy\/tr\/index.php?rest_route=\/wp\/v2\/posts\/70957\/revisions"}],"wp:featuredmedia":[{"embeddable":true,"href":"https:\/\/archive.sana.sy\/tr\/index.php?rest_route=\/wp\/v2\/media\/70958"}],"wp:attachment":[{"href":"https:\/\/archive.sana.sy\/tr\/index.php?rest_route=%2Fwp%2Fv2%2Fmedia&parent=70957"}],"wp:term":[{"taxonomy":"category","embeddable":true,"href":"https:\/\/archive.sana.sy\/tr\/index.php?rest_route=%2Fwp%2Fv2%2Fcategories&post=70957"},{"taxonomy":"post_tag","embeddable":true,"href":"https:\/\/archive.sana.sy\/tr\/index.php?rest_route=%2Fwp%2Fv2%2Ftags&post=70957"}],"curies":[{"name":"wp","href":"https:\/\/api.w.org\/{rel}","templated":true}]}}