{"id":7101,"date":"2014-08-12T16:25:20","date_gmt":"2014-08-12T13:25:20","guid":{"rendered":"http:\/\/www.sana.sy\/tr\/?p=7101"},"modified":"2014-08-13T16:30:20","modified_gmt":"2014-08-13T13:30:20","slug":"tutuklu-ve-kacirilmislarin-yakinlari-teror-istinasiz-herkesi-tehdit-ediyor","status":"publish","type":"post","link":"https:\/\/archive.sana.sy\/tr\/?p=7101","title":{"rendered":"Tutuklu ve Ka\u00e7\u0131r\u0131lm\u0131\u015flar\u0131n Yak\u0131nlar\u0131: Ter\u00f6r \u0130stinas\u0131z Herkesi Tehdit Ediyor"},"content":{"rendered":"<p>\u015eAM \u2013 Halk Meclisinde Ulusal Uzla\u015fma Komisyonu Ba\u015fkan\u0131 \u00d6mer Osi; muhtelif \u015fekillerde oyuna getirilenlerin kanuni durumlar\u0131n\u0131 d\u00fczeltmekle birlikte vatan kuca\u011f\u0131na ve normal ya\u015famlar\u0131na d\u00f6n\u00fc\u015flerini garantilemeye katk\u0131 bulunmaya tam olarak haz\u0131r oldu\u011funu belirtti.<\/p>\n<p>\u015eam k\u0131rsal\u0131n\u0131n muhtelif b\u00f6lgelerinden tutuklu ve ka\u00e7\u0131r\u0131lm\u0131\u015f vatanda\u015flar\u0131n yak\u0131nlar\u0131yla bug\u00fcn bir araya gelen Osi; vatan\u0131n korunmas\u0131 ve ya\u015fad\u0131\u011f\u0131 krizden \u00e7\u0131kmas\u0131n\u0131n en do\u011fru ve uygun yolunun ulusal uzla\u015fma oldu\u011funu vurgulad\u0131.<\/p>\n<p>Osi komisyonun yurdun muhtelif b\u00f6lgelerindeki yan komitelerinin yan\u0131 s\u0131ra ilgili g\u00fcvenlik kurumlar\u0131, sivil toplum ve halk faaliyetleri ile s\u00fcrekli temas i\u00e7inde oldu\u011funa dikkat \u00e7ekerken; ellerini kimsenin kan\u0131na bula\u015ft\u0131rmayan tutuklu ve ka\u00e7\u0131r\u0131lm\u0131\u015flar\u0131n serbest b\u0131rak\u0131lmalar\u0131 i\u00e7in harcad\u0131\u011f\u0131 \u00e7abalara \u0131\u015f\u0131k tuttu.<\/p>\n<p><a href=\"http:\/\/www.sana.sy\/tr\/wp-content\/uploads\/2014\/08\/\u00d6mer-Osi-2.jpg\"><img loading=\"lazy\" decoding=\"async\" class=\"alignright wp-image-7102 size-medium\" src=\"http:\/\/www.sana.sy\/tr\/wp-content\/uploads\/2014\/08\/\u00d6mer-Osi-2-300x199.jpg\" alt=\"\u00d6mer Osi 2\" width=\"300\" height=\"199\" srcset=\"https:\/\/archive.sana.sy\/tr\/wp-content\/uploads\/2014\/08\/\u00d6mer-Osi-2-300x199.jpg 300w, https:\/\/archive.sana.sy\/tr\/wp-content\/uploads\/2014\/08\/\u00d6mer-Osi-2-150x99.jpg 150w, https:\/\/archive.sana.sy\/tr\/wp-content\/uploads\/2014\/08\/\u00d6mer-Osi-2-1024x681.jpg 1024w\" sizes=\"auto, (max-width: 300px) 100vw, 300px\" \/><\/a>\u015eam k\u0131rsal\u0131 Adra \u0130\u015f\u00e7i Konutlar\u0131ndan ter\u00f6ristler taraf\u0131ndan ka\u00e7\u0131r\u0131lan kad\u0131n ve \u00e7ocuklar\u0131n serbest b\u0131rak\u0131lmalar\u0131 i\u00e7in komisyon temsilcilerinin Duma Kentindeki sivil toplum faaliyetleri ile temaslar i\u00e7inde oldu\u011funu belirten Osi; Halep\u2019in bir\u00e7ok b\u00f6lgesinin ulusal uzla\u015fma \u00e7al\u0131\u015fmalar\u0131na haz\u0131r oldu\u011funu, bu ba\u011flamda da yo\u011fun \u00e7abalar\u0131n harcanaca\u011f\u0131n\u0131 ifade etti.<\/p>\n<p>Halk Meclisinde \u015eikayet Komitesi Ba\u015fkan\u0131 Mucip el Denden; komitenin, g\u00fcvenlik kurumlar\u0131nda tutuklu yak\u0131nlar\u0131 bulunan vatanda\u015flar\u0131n \u015fikayet ve ba\u015fvurular\u0131n\u0131 kabul edip de\u011ferlendirmeye haz\u0131r oldu\u011funu belirtti. Denden s\u00f6z konusu ba\u015fvurular\u0131n de\u011ferlendirilip ellerini kimsenin kan\u0131na bulamayanlar\u0131n serbest b\u0131rak\u0131lmalar\u0131 i\u00e7in \u00e7abalar harcanaca\u011f\u0131n\u0131 s\u00f6yledi.<\/p>\n<p>Tutuklu ve ka\u00e7\u0131r\u0131lm\u0131\u015f vatanda\u015flar\u0131n yak\u0131nlar\u0131 g\u00f6r\u00fc\u015fmede; kimilerinin olduk\u00e7a hassas bir insani durum say\u0131lan bu meseleyi ki\u015fisel \u00e7\u0131karlar i\u00e7in kulland\u0131klar\u0131na dikkat \u00e7ekerek, evlatlar\u0131n\u0131n durumlar\u0131 hakk\u0131nda bilgi edinmeleri i\u00e7in ciddi \u00e7al\u0131\u015fmalar\u0131n yap\u0131lmas\u0131n\u0131 talep ettiler.<\/p>\n<p>Tutuklu ve ka\u00e7\u0131r\u0131lm\u0131\u015f vatanda\u015flar\u0131n yak\u0131nlar\u0131 Suriye halk\u0131n\u0131n ter\u00f6r ve tekfircili\u011fe kar\u015f\u0131 saf birli\u011finde kalaca\u011f\u0131n\u0131 ve vatan\u0131 savunma azminde oldu\u011funun alt\u0131n\u0131 \u00e7izerken, ter\u00f6r ve tekfircilik tehlikesinin istisnas\u0131z herkesi tehdit eden bir tehlike haline geldi\u011fini ifade ettiler.<\/p>\n<p>&nbsp;<\/p>\n","protected":false},"excerpt":{"rendered":"<p>\u015eAM \u2013 Halk Meclisinde Ulusal Uzla\u015fma Komisyonu Ba\u015fkan\u0131 \u00d6mer Osi; muhtelif \u015fekillerde oyuna getirilenlerin kanuni durumlar\u0131n\u0131 d\u00fczeltmekle birlikte vatan kuca\u011f\u0131na ve normal ya\u015famlar\u0131na d\u00f6n\u00fc\u015flerini garantilemeye katk\u0131 bulunmaya tam olarak haz\u0131r oldu\u011funu belirtti. \u015eam k\u0131rsal\u0131n\u0131n muhtelif b\u00f6lgelerinden tutuklu ve ka\u00e7\u0131r\u0131lm\u0131\u015f vatanda\u015flar\u0131n yak\u0131nlar\u0131yla bug\u00fcn bir araya gelen Osi; vatan\u0131n korunmas\u0131 ve ya\u015fad\u0131\u011f\u0131 krizden \u00e7\u0131kmas\u0131n\u0131n en do\u011fru ve &hellip;<\/p>\n","protected":false},"author":1,"featured_media":7111,"comment_status":"closed","ping_status":"closed","sticky":false,"template":"","format":"standard","meta":{"footnotes":""},"categories":[479,478],"tags":[1591],"class_list":["post-7101","post","type-post","status-publish","format-standard","has-post-thumbnail","","category-haberler-yerel","category-yerel","tag-tutuklu-ve-kacirilmislarin-yakinlari-teror-istinasiz-herkesi-tehdit-ediyor"],"_links":{"self":[{"href":"https:\/\/archive.sana.sy\/tr\/index.php?rest_route=\/wp\/v2\/posts\/7101","targetHints":{"allow":["GET"]}}],"collection":[{"href":"https:\/\/archive.sana.sy\/tr\/index.php?rest_route=\/wp\/v2\/posts"}],"about":[{"href":"https:\/\/archive.sana.sy\/tr\/index.php?rest_route=\/wp\/v2\/types\/post"}],"author":[{"embeddable":true,"href":"https:\/\/archive.sana.sy\/tr\/index.php?rest_route=\/wp\/v2\/users\/1"}],"replies":[{"embeddable":true,"href":"https:\/\/archive.sana.sy\/tr\/index.php?rest_route=%2Fwp%2Fv2%2Fcomments&post=7101"}],"version-history":[{"count":0,"href":"https:\/\/archive.sana.sy\/tr\/index.php?rest_route=\/wp\/v2\/posts\/7101\/revisions"}],"wp:featuredmedia":[{"embeddable":true,"href":"https:\/\/archive.sana.sy\/tr\/index.php?rest_route=\/wp\/v2\/media\/7111"}],"wp:attachment":[{"href":"https:\/\/archive.sana.sy\/tr\/index.php?rest_route=%2Fwp%2Fv2%2Fmedia&parent=7101"}],"wp:term":[{"taxonomy":"category","embeddable":true,"href":"https:\/\/archive.sana.sy\/tr\/index.php?rest_route=%2Fwp%2Fv2%2Fcategories&post=7101"},{"taxonomy":"post_tag","embeddable":true,"href":"https:\/\/archive.sana.sy\/tr\/index.php?rest_route=%2Fwp%2Fv2%2Ftags&post=7101"}],"curies":[{"name":"wp","href":"https:\/\/api.w.org\/{rel}","templated":true}]}}