{"id":71019,"date":"2016-04-28T19:31:58","date_gmt":"2016-04-28T16:31:58","guid":{"rendered":"http:\/\/www.sana.sy\/tr\/?p=71019"},"modified":"2016-04-30T16:00:00","modified_gmt":"2016-04-30T13:00:00","slug":"herhangi-bir-yardimi-sunmaya-haziriz","status":"publish","type":"post","link":"https:\/\/archive.sana.sy\/tr\/?p=71019","title":{"rendered":"Herhangi Bir Yard\u0131m\u0131 Sunmaya Haz\u0131r\u0131z"},"content":{"rendered":"<p>MOSKOVA \u2013 \u0130ran Savunma Bakan\u0131 H\u00fcseyin Dehkan Rusya Bug\u00fcn Kanal\u0131na yapt\u0131\u011f\u0131 a\u00e7\u0131klamada; ABD\u2019nin Suriye&#8217;ye me\u015fru h\u00fck\u00fcmetin izni ve onay\u0131 olmaks\u0131z\u0131n 250 asker g\u00f6nderme karar\u0131n\u0131n egemen bir devlete kar\u015f\u0131 a\u00e7\u0131k bir m\u00fcdahale ve d\u00fc\u015fmanc\u0131 bir icraat oldu\u011funu, bunun da uluslar aras\u0131 me\u015fruiyetle tamamen \u00e7eli\u015fti\u011fini belirtti.<\/p>\n<p>Dehkan \u0130ran\u2019\u0131n Suriye&#8217;de bulunan askeri g\u00fcc\u00fcn\u00fcn tamam\u0131n\u0131n Suriye h\u00fck\u00fcmetinin talebi \u00fczerine bulunduklar\u0131n\u0131 ifade ederken, bu g\u00fc\u00e7lerin sadece askeri dan\u0131\u015fmanl\u0131k ve e\u011fitim g\u00f6revlerinde bulundu\u011funu ifade etti.<\/p>\n<p>\u0130ran Savunma Bakan\u0131 Dehkan Suriye h\u00fck\u00fcmetinin talep etmesi halinde \u0130ran\u2019\u0131n herhangi bir yard\u0131m ve destekte bulunmaya haz\u0131r oldu\u011funu belirtti.<\/p>\n","protected":false},"excerpt":{"rendered":"<p>MOSKOVA \u2013 \u0130ran Savunma Bakan\u0131 H\u00fcseyin Dehkan Rusya Bug\u00fcn Kanal\u0131na yapt\u0131\u011f\u0131 a\u00e7\u0131klamada; ABD\u2019nin Suriye&#8217;ye me\u015fru h\u00fck\u00fcmetin izni ve onay\u0131 olmaks\u0131z\u0131n 250 asker g\u00f6nderme karar\u0131n\u0131n egemen bir devlete kar\u015f\u0131 a\u00e7\u0131k bir m\u00fcdahale ve d\u00fc\u015fmanc\u0131 bir icraat oldu\u011funu, bunun da uluslar aras\u0131 me\u015fruiyetle tamamen \u00e7eli\u015fti\u011fini belirtti. Dehkan \u0130ran\u2019\u0131n Suriye&#8217;de bulunan askeri g\u00fcc\u00fcn\u00fcn tamam\u0131n\u0131n Suriye h\u00fck\u00fcmetinin talebi \u00fczerine &hellip;<\/p>\n","protected":false},"author":1,"featured_media":71020,"comment_status":"closed","ping_status":"closed","sticky":false,"template":"","format":"standard","meta":{"footnotes":""},"categories":[458,459,17988],"tags":[],"class_list":["post-71019","post","type-post","status-publish","format-standard","has-post-thumbnail","","category-dunya1","category-haberler-arap-uluslararasi-politika","category-son-haberler"],"_links":{"self":[{"href":"https:\/\/archive.sana.sy\/tr\/index.php?rest_route=\/wp\/v2\/posts\/71019","targetHints":{"allow":["GET"]}}],"collection":[{"href":"https:\/\/archive.sana.sy\/tr\/index.php?rest_route=\/wp\/v2\/posts"}],"about":[{"href":"https:\/\/archive.sana.sy\/tr\/index.php?rest_route=\/wp\/v2\/types\/post"}],"author":[{"embeddable":true,"href":"https:\/\/archive.sana.sy\/tr\/index.php?rest_route=\/wp\/v2\/users\/1"}],"replies":[{"embeddable":true,"href":"https:\/\/archive.sana.sy\/tr\/index.php?rest_route=%2Fwp%2Fv2%2Fcomments&post=71019"}],"version-history":[{"count":0,"href":"https:\/\/archive.sana.sy\/tr\/index.php?rest_route=\/wp\/v2\/posts\/71019\/revisions"}],"wp:featuredmedia":[{"embeddable":true,"href":"https:\/\/archive.sana.sy\/tr\/index.php?rest_route=\/wp\/v2\/media\/71020"}],"wp:attachment":[{"href":"https:\/\/archive.sana.sy\/tr\/index.php?rest_route=%2Fwp%2Fv2%2Fmedia&parent=71019"}],"wp:term":[{"taxonomy":"category","embeddable":true,"href":"https:\/\/archive.sana.sy\/tr\/index.php?rest_route=%2Fwp%2Fv2%2Fcategories&post=71019"},{"taxonomy":"post_tag","embeddable":true,"href":"https:\/\/archive.sana.sy\/tr\/index.php?rest_route=%2Fwp%2Fv2%2Ftags&post=71019"}],"curies":[{"name":"wp","href":"https:\/\/api.w.org\/{rel}","templated":true}]}}