{"id":71022,"date":"2016-04-28T15:33:10","date_gmt":"2016-04-28T12:33:10","guid":{"rendered":"http:\/\/www.sana.sy\/tr\/?p=71022"},"modified":"2016-04-29T18:19:49","modified_gmt":"2016-04-29T15:19:49","slug":"saldiri-girisimleri-cokertilen-teroristler-buyuk-kayiplara-ugratildi","status":"publish","type":"post","link":"https:\/\/archive.sana.sy\/tr\/?p=71022","title":{"rendered":"Sald\u0131r\u0131 Giri\u015fimleri \u00c7\u00f6kertilen Ter\u00f6ristler B\u00fcy\u00fck Kay\u0131plara U\u011frat\u0131ld\u0131"},"content":{"rendered":"<p>\u0130LLER \u2013 Vatan koruyucular\u0131 ordu birliklerimiz yurdun muhtelif b\u00f6lgelerinde d\u0131\u015f g\u00fc\u00e7lerin destek ve komutalar\u0131 alt\u0131nda faaliyet g\u00f6steren tekfirci ve vatan haini ter\u00f6ristlerin bir k\u0131s\u0131m b\u00f6lgelerde sald\u0131r\u0131 giri\u015fimlerini \u00e7\u00f6kertmelerinin yan\u0131 s\u0131ra baz\u0131 b\u00f6lgelerde de ara\u00e7 ve toplanma yerlerini muhtevalar\u0131yla imha etmeye devam ediyor.<\/p>\n<p><span style=\"color: #0000ff\">S\u00dcVEYDA:<\/span><\/p>\n<p>SANA\u2019ya a\u00e7\u0131klama yapan askeri bir kaynak; ordu birliklerimizin S\u00fcveyda k\u0131rsal\u0131n\u0131n kuzeyi Ebu Harat K\u00f6y\u00fc ve Zafla Tepesinde askeri noktalara sald\u0131rmaya \u00e7al\u0131\u015fan I\u015e\u0130D\u2019e tabi ter\u00f6r gruplar\u0131yla \u015fiddetli \u00e7at\u0131\u015fmalara girdiklerini ifade etti. Kaynak; \u00e7at\u0131\u015fmalarda \u00e7ok say\u0131da ter\u00f6ristin \u00f6l\u00fc ve yaral\u0131 d\u00fc\u015f\u00fcr\u00fcl\u00fcp havzalar\u0131ndaki silah ve m\u00fchimmatlar\u0131n\u0131n da yok edildi\u011fine dikkat \u00e7ekti.<\/p>\n<p>S\u00fcveyda k\u0131rsal\u0131 Tel E\u015fiheb B\u00f6lgesinde ise ordu birliklerimizin \u0130srail\u2019den destek alan I\u015e\u0130D\u2019in toplanma yerleri ve mevkilerini yo\u011fun ate\u015fe tutuklar\u0131n\u0131 belirten kaynak; buralarda da bir\u00e7ok ter\u00f6risti \u00f6ld\u00fcr\u00fcp bir top bataryas\u0131n\u0131 ekibiyle birlikte tamamen imha ettiklerini s\u00f6yledi.<\/p>\n<p><span style=\"color: #0000ff\">HAMA:<\/span><\/p>\n<p>\u00d6te yandan askeri kaynak; Hama k\u0131rsal\u0131n\u0131n kuzeybat\u0131s\u0131 Mansura, Hurbet el Nakus, Tel Vasit, Unkavi, Kastun, Karkur ve Zeyzon k\u00f6ylerinde Kaide \u00d6rg\u00fct\u00fcn\u00fcn Suriye kolu Nusra Cephesine ait komuta karargahlar\u0131n\u0131n yan\u0131 s\u0131ra destek hatlar\u0131na y\u00f6nelik nitelikli operasyonlar ger\u00e7ekle\u015ftiren ordu birliklerimizin; Erdo\u011fan rejiminden destek alan bu tekfircileri say\u0131 ve te\u00e7hizatlar\u0131yla a\u011f\u0131r kay\u0131plara u\u011fratt\u0131klar\u0131n\u0131 aktard\u0131.<\/p>\n<p>Ordu birliklerimizin Hama k\u0131rsal\u0131 Muan K\u00f6y\u00fcnde bir k\u0131s\u0131m askeri noktalar\u0131n \u00e7evrelerine s\u0131zan Nusra Cephesine tabi ter\u00f6r gruplar\u0131yla \u00e7at\u0131\u015fmalara girdiklerini s\u00f6yleyen kaynak; z\u0131rhl\u0131 2 ara\u00e7lar\u0131n\u0131 y\u00fckleriyle birlikte imha ettiklerini aktard\u0131. Kaynak operasyonlarda 12 ter\u00f6ristin \u00f6ld\u00fcr\u00fcld\u00fc\u011f\u00fcn\u00fc, sa\u011f kal\u0131p ka\u00e7an ter\u00f6ristleri kovalama operasyonu ger\u00e7ekle\u015ftirildi\u011fini s\u00f6zlerine ekledi.<\/p>\n","protected":false},"excerpt":{"rendered":"<p>\u0130LLER \u2013 Vatan koruyucular\u0131 ordu birliklerimiz yurdun muhtelif b\u00f6lgelerinde d\u0131\u015f g\u00fc\u00e7lerin destek ve komutalar\u0131 alt\u0131nda faaliyet g\u00f6steren tekfirci ve vatan haini ter\u00f6ristlerin bir k\u0131s\u0131m b\u00f6lgelerde sald\u0131r\u0131 giri\u015fimlerini \u00e7\u00f6kertmelerinin yan\u0131 s\u0131ra baz\u0131 b\u00f6lgelerde de ara\u00e7 ve toplanma yerlerini muhtevalar\u0131yla imha etmeye devam ediyor. S\u00dcVEYDA: SANA\u2019ya a\u00e7\u0131klama yapan askeri bir kaynak; ordu birliklerimizin S\u00fcveyda k\u0131rsal\u0131n\u0131n kuzeyi Ebu &hellip;<\/p>\n","protected":false},"author":1,"featured_media":71023,"comment_status":"closed","ping_status":"closed","sticky":false,"template":"","format":"standard","meta":{"footnotes":""},"categories":[575],"tags":[],"class_list":["post-71022","post","type-post","status-publish","format-standard","has-post-thumbnail","","category-olaylar-ve-gercekler"],"_links":{"self":[{"href":"https:\/\/archive.sana.sy\/tr\/index.php?rest_route=\/wp\/v2\/posts\/71022","targetHints":{"allow":["GET"]}}],"collection":[{"href":"https:\/\/archive.sana.sy\/tr\/index.php?rest_route=\/wp\/v2\/posts"}],"about":[{"href":"https:\/\/archive.sana.sy\/tr\/index.php?rest_route=\/wp\/v2\/types\/post"}],"author":[{"embeddable":true,"href":"https:\/\/archive.sana.sy\/tr\/index.php?rest_route=\/wp\/v2\/users\/1"}],"replies":[{"embeddable":true,"href":"https:\/\/archive.sana.sy\/tr\/index.php?rest_route=%2Fwp%2Fv2%2Fcomments&post=71022"}],"version-history":[{"count":0,"href":"https:\/\/archive.sana.sy\/tr\/index.php?rest_route=\/wp\/v2\/posts\/71022\/revisions"}],"wp:featuredmedia":[{"embeddable":true,"href":"https:\/\/archive.sana.sy\/tr\/index.php?rest_route=\/wp\/v2\/media\/71023"}],"wp:attachment":[{"href":"https:\/\/archive.sana.sy\/tr\/index.php?rest_route=%2Fwp%2Fv2%2Fmedia&parent=71022"}],"wp:term":[{"taxonomy":"category","embeddable":true,"href":"https:\/\/archive.sana.sy\/tr\/index.php?rest_route=%2Fwp%2Fv2%2Fcategories&post=71022"},{"taxonomy":"post_tag","embeddable":true,"href":"https:\/\/archive.sana.sy\/tr\/index.php?rest_route=%2Fwp%2Fv2%2Ftags&post=71022"}],"curies":[{"name":"wp","href":"https:\/\/api.w.org\/{rel}","templated":true}]}}