{"id":7108,"date":"2014-08-12T16:15:40","date_gmt":"2014-08-12T13:15:40","guid":{"rendered":"http:\/\/www.sana.sy\/tr\/?p=7108"},"modified":"2014-08-12T17:21:26","modified_gmt":"2014-08-12T14:21:26","slug":"sana-arap-ve-yabanci-aboneleri-icin-ingilizce-yayin-baslatti","status":"publish","type":"post","link":"https:\/\/archive.sana.sy\/tr\/?p=7108","title":{"rendered":"SANA Arap ve Yabanc\u0131 Aboneleri \u0130\u00e7in \u0130ngilizce Yay\u0131n Ba\u015flatt\u0131"},"content":{"rendered":"<p>\u015eAM \u2013 Suriye ve halk\u0131na y\u00f6nelik y\u00fcr\u00fct\u00fclen medya sava\u015f\u0131na kar\u015f\u0131 koymakla birlikte Suriye&#8217;ye ili\u015fkin ger\u00e7ekleri h\u0131zl\u0131 ve do\u011fru bir \u015fekilde uluslar aras\u0131 kamuoyuna aktarma \u00f6zeniyle Suriye Arap Haber Ajans\u0131 SANA bug\u00fcn aboneleri olan Arap ve yabanc\u0131 haber ajanslar\u0131, resmi ve \u00f6zel medya kurumlar\u0131 i\u00e7in \u0130ngilizce haber b\u00fclteni yay\u0131n\u0131 ba\u015flatt\u0131.<\/p>\n<p>B\u00fclten sorumlusu Hazim el Sabba\u011f ajans\u0131n bu hizmetinin abonelerine daha h\u0131zl\u0131 haber sa\u011flamaya olanak verdi\u011fini, haberin SANA sitesinde yay\u0131nlanmas\u0131ndan \u00f6nce yay\u0131nland\u0131\u011f\u0131n\u0131 s\u00f6yledi.<\/p>\n<p>Sabba\u011f b\u00fcltende yabanc\u0131 kamuoyunun ilgisini \u00e7ekecek haberlerin direk ve ak\u0131c\u0131 bir \u015fekilde \u00e7evrilip yay\u0131nland\u0131\u011f\u0131n\u0131 ifade etti.<\/p>\n","protected":false},"excerpt":{"rendered":"<p>\u015eAM \u2013 Suriye ve halk\u0131na y\u00f6nelik y\u00fcr\u00fct\u00fclen medya sava\u015f\u0131na kar\u015f\u0131 koymakla birlikte Suriye&#8217;ye ili\u015fkin ger\u00e7ekleri h\u0131zl\u0131 ve do\u011fru bir \u015fekilde uluslar aras\u0131 kamuoyuna aktarma \u00f6zeniyle Suriye Arap Haber Ajans\u0131 SANA bug\u00fcn aboneleri olan Arap ve yabanc\u0131 haber ajanslar\u0131, resmi ve \u00f6zel medya kurumlar\u0131 i\u00e7in \u0130ngilizce haber b\u00fclteni yay\u0131n\u0131 ba\u015flatt\u0131. B\u00fclten sorumlusu Hazim el Sabba\u011f ajans\u0131n &hellip;<\/p>\n","protected":false},"author":1,"featured_media":7109,"comment_status":"closed","ping_status":"closed","sticky":false,"template":"","format":"standard","meta":{"footnotes":""},"categories":[556,479,557,478],"tags":[1592],"class_list":["post-7108","post","type-post","status-publish","format-standard","has-post-thumbnail","","category-basin","category-haberler-yerel","category-suriye-basini","category-yerel","tag-sana-arap-ve-yabanci-aboneleri-icin-ingilizce-yayin-baslatti"],"_links":{"self":[{"href":"https:\/\/archive.sana.sy\/tr\/index.php?rest_route=\/wp\/v2\/posts\/7108","targetHints":{"allow":["GET"]}}],"collection":[{"href":"https:\/\/archive.sana.sy\/tr\/index.php?rest_route=\/wp\/v2\/posts"}],"about":[{"href":"https:\/\/archive.sana.sy\/tr\/index.php?rest_route=\/wp\/v2\/types\/post"}],"author":[{"embeddable":true,"href":"https:\/\/archive.sana.sy\/tr\/index.php?rest_route=\/wp\/v2\/users\/1"}],"replies":[{"embeddable":true,"href":"https:\/\/archive.sana.sy\/tr\/index.php?rest_route=%2Fwp%2Fv2%2Fcomments&post=7108"}],"version-history":[{"count":0,"href":"https:\/\/archive.sana.sy\/tr\/index.php?rest_route=\/wp\/v2\/posts\/7108\/revisions"}],"wp:featuredmedia":[{"embeddable":true,"href":"https:\/\/archive.sana.sy\/tr\/index.php?rest_route=\/wp\/v2\/media\/7109"}],"wp:attachment":[{"href":"https:\/\/archive.sana.sy\/tr\/index.php?rest_route=%2Fwp%2Fv2%2Fmedia&parent=7108"}],"wp:term":[{"taxonomy":"category","embeddable":true,"href":"https:\/\/archive.sana.sy\/tr\/index.php?rest_route=%2Fwp%2Fv2%2Fcategories&post=7108"},{"taxonomy":"post_tag","embeddable":true,"href":"https:\/\/archive.sana.sy\/tr\/index.php?rest_route=%2Fwp%2Fv2%2Ftags&post=7108"}],"curies":[{"name":"wp","href":"https:\/\/api.w.org\/{rel}","templated":true}]}}