{"id":71104,"date":"2016-04-29T18:05:47","date_gmt":"2016-04-29T15:05:47","guid":{"rendered":"http:\/\/sana.sy\/tr\/?p=71104"},"modified":"2016-04-30T15:42:05","modified_gmt":"2016-04-30T12:42:05","slug":"isid-nusra-ve-catilari-altindaki-teroristlere-karsi-operasyonlar-suruyor","status":"publish","type":"post","link":"https:\/\/archive.sana.sy\/tr\/?p=71104","title":{"rendered":"I\u015e\u0130D, Nusra ve \u00c7at\u0131lar\u0131 Alt\u0131ndaki Ter\u00f6ristlere Kar\u015f\u0131 Operasyonlar S\u00fcr\u00fcyor"},"content":{"rendered":"<p>\u0130LLER \u2013 Ordu birliklerimiz d\u0131\u015f g\u00fc\u00e7lerin patronajl\u0131\u011f\u0131nda Suriye ve halk\u0131n\u0131 hedef alan I\u015e\u0130D, Nusra Cephesi ve onlarla i\u015fbirli\u011fi i\u00e7inde askeri mevkilere ve sivil halka sald\u0131ran ter\u00f6ristlere kar\u015f\u0131 operasyonlar\u0131n\u0131 s\u00fcrd\u00fcr\u00fcyor.<\/p>\n<p><span style=\"color: #0000ff\">LAZK\u0130YE:<\/span><\/p>\n<p>Lazkiye k\u0131rsal\u0131n\u0131n kuzeyi Kensabba ekseninde Erdo\u011fan rejiminin deste\u011fi ve talimatlar\u0131yla askeri mevkilere sald\u0131r\u0131 eylemlerinde bulunan Kaide \u00d6rg\u00fct\u00fcn\u00fcn Suriye kolu Nusra Cephesi ve \u00e7at\u0131s\u0131 alt\u0131ndaki ter\u00f6ristlere kar\u015f\u0131 operasyonlarda askeri bir kaynak SANA\u2019ya a\u00e7\u0131klamas\u0131nda sald\u0131r\u0131lar\u0131n ba\u015far\u0131yla \u00e7\u00f6kertildi\u011fini s\u00f6yledi. Kaynak sald\u0131rgan Erdo\u011fan \u00e7etelerinin say\u0131, te\u00e7hizat ve ara\u00e7lar\u0131yla b\u00fcy\u00fck kay\u0131plara u\u011frat\u0131ld\u0131klar\u0131n\u0131 belirtti.<\/p>\n<p>Ordu birliklerimiz ge\u00e7en \u015eubat ay\u0131n\u0131n 18\u2019inde s\u0131n\u0131rlara yak\u0131n Kensabba Beldesini Erdo\u011fan \u00e7etelerinden temizleyip ahalisinin can ve mal g\u00fcvenli\u011fini sa\u011flam\u0131\u015flard\u0131.<\/p>\n<p><span style=\"color: #0000ff\">HOMS:<\/span><\/p>\n<p>Homs k\u0131rsal\u0131n\u0131n do\u011fusu Tedmur k\u0131rsal\u0131nda I\u015e\u0130D mevkileri, ve hareketlenmelerinin hava g\u00fc\u00e7lerimiz taraf\u0131ndan ba\u015far\u0131yla hedef al\u0131nd\u0131klar\u0131n\u0131 belirten askeri kaynak; tekfircilerin buralarda ara\u00e7, cephane ve say\u0131lar\u0131yla ciddi kay\u0131plara u\u011frat\u0131ld\u0131klar\u0131n\u0131 s\u00f6yledi.<\/p>\n<p><span style=\"color: #0000ff\">DEYREZZOR:<\/span><\/p>\n<p>Askeri kaynak hava g\u00fc\u00e7lerimizin Deyrezzor Askeri havaliman\u0131n\u0131n do\u011fusu Cafra Beldesinde ise I\u015e\u0130D\u2019\u0130n cephane depolar\u0131, komuta karargahlar\u0131 ve toplanma yerlerini imha ettiklerini aktar\u0131rken, \u00e7ok say\u0131da ter\u00f6ristle birlikte bir k\u0131sm\u0131 a\u011f\u0131r silahlarla donat\u0131lm\u0131\u015f bir\u00e7ok arac\u0131n imha edildi\u011fini s\u00f6yledi.<\/p>\n<p>Deyrezzor Havaliman\u0131na sald\u0131ran ter\u00f6ristlere kar\u015f\u0131 koyan ordu birliklerimizin sald\u0131rganlar\u0131n bir\u00e7o\u011funu ekipmanlar\u0131yla birlikte etkisiz hale getirdiklerini belirten kaynak; Deyrezzor Kentinin muhtelif semtlerinde askeri noktalara sald\u0131ranlar\u0131n saflar\u0131nda da kay\u0131plara yol a\u00e7t\u0131klar\u0131n\u0131 s\u00f6zlerine ekledi.<\/p>\n","protected":false},"excerpt":{"rendered":"<p>\u0130LLER \u2013 Ordu birliklerimiz d\u0131\u015f g\u00fc\u00e7lerin patronajl\u0131\u011f\u0131nda Suriye ve halk\u0131n\u0131 hedef alan I\u015e\u0130D, Nusra Cephesi ve onlarla i\u015fbirli\u011fi i\u00e7inde askeri mevkilere ve sivil halka sald\u0131ran ter\u00f6ristlere kar\u015f\u0131 operasyonlar\u0131n\u0131 s\u00fcrd\u00fcr\u00fcyor. LAZK\u0130YE: Lazkiye k\u0131rsal\u0131n\u0131n kuzeyi Kensabba ekseninde Erdo\u011fan rejiminin deste\u011fi ve talimatlar\u0131yla askeri mevkilere sald\u0131r\u0131 eylemlerinde bulunan Kaide \u00d6rg\u00fct\u00fcn\u00fcn Suriye kolu Nusra Cephesi ve \u00e7at\u0131s\u0131 alt\u0131ndaki ter\u00f6ristlere &hellip;<\/p>\n","protected":false},"author":1,"featured_media":61444,"comment_status":"closed","ping_status":"closed","sticky":false,"template":"","format":"standard","meta":{"footnotes":""},"categories":[575],"tags":[2318,20805,2770],"class_list":["post-71104","post","type-post","status-publish","format-standard","has-post-thumbnail","","category-olaylar-ve-gercekler","tag-isid","tag-nusra-ve-catilari-altindaki-teroristlere-karsi-operasyonlar-suruyor","tag-ordu-ve-silahli-kuvvetler-genel-komutanligi"],"_links":{"self":[{"href":"https:\/\/archive.sana.sy\/tr\/index.php?rest_route=\/wp\/v2\/posts\/71104","targetHints":{"allow":["GET"]}}],"collection":[{"href":"https:\/\/archive.sana.sy\/tr\/index.php?rest_route=\/wp\/v2\/posts"}],"about":[{"href":"https:\/\/archive.sana.sy\/tr\/index.php?rest_route=\/wp\/v2\/types\/post"}],"author":[{"embeddable":true,"href":"https:\/\/archive.sana.sy\/tr\/index.php?rest_route=\/wp\/v2\/users\/1"}],"replies":[{"embeddable":true,"href":"https:\/\/archive.sana.sy\/tr\/index.php?rest_route=%2Fwp%2Fv2%2Fcomments&post=71104"}],"version-history":[{"count":0,"href":"https:\/\/archive.sana.sy\/tr\/index.php?rest_route=\/wp\/v2\/posts\/71104\/revisions"}],"wp:featuredmedia":[{"embeddable":true,"href":"https:\/\/archive.sana.sy\/tr\/index.php?rest_route=\/wp\/v2\/media\/61444"}],"wp:attachment":[{"href":"https:\/\/archive.sana.sy\/tr\/index.php?rest_route=%2Fwp%2Fv2%2Fmedia&parent=71104"}],"wp:term":[{"taxonomy":"category","embeddable":true,"href":"https:\/\/archive.sana.sy\/tr\/index.php?rest_route=%2Fwp%2Fv2%2Fcategories&post=71104"},{"taxonomy":"post_tag","embeddable":true,"href":"https:\/\/archive.sana.sy\/tr\/index.php?rest_route=%2Fwp%2Fv2%2Ftags&post=71104"}],"curies":[{"name":"wp","href":"https:\/\/api.w.org\/{rel}","templated":true}]}}