{"id":71106,"date":"2016-04-29T17:50:05","date_gmt":"2016-04-29T14:50:05","guid":{"rendered":"http:\/\/sana.sy\/tr\/?p=71106"},"modified":"2016-04-30T16:02:30","modified_gmt":"2016-04-30T13:02:30","slug":"sam-ve-dogu-gutada-24-saat-lazkiye-kirsalinda-da-72-saat","status":"publish","type":"post","link":"https:\/\/archive.sana.sy\/tr\/?p=71106","title":{"rendered":"\u015eam ve Do\u011fu \u011euta\u2019da 24 Saat, Lazkiye K\u0131rsal\u0131nda da 72 Saat"},"content":{"rendered":"<p>\u015eAM \u2013 Ordu ve Silahl\u0131 Kuvvetler Genel Komutanl\u0131\u011f\u0131 Suriye&#8217;de \u00e7at\u0131\u015fmalar\u0131 durdurma anla\u015fmas\u0131n\u0131 peki\u015ftirmekle birlikte bir k\u0131s\u0131m ter\u00f6r \u00f6rg\u00fctlerin sivillere sald\u0131r\u0131lar\u0131na bahane vermeme amac\u0131yla \u2018yat\u0131\u015ft\u0131rma sisteminin\u2019 bu gece yar\u0131s\u0131ndan sonra hayata ge\u00e7irilece\u011fini ilan etti.<\/p>\n<p>Genel Komutanl\u0131k bug\u00fcn yay\u0131nlad\u0131\u011f\u0131 ve SANA\u2019n\u0131n bir n\u00fcshas\u0131n\u0131 ald\u0131\u011f\u0131 beyanda; \u00fcst\u00fcne anla\u015f\u0131lan \u00e7at\u0131\u015fmalar\u0131 durdurma anla\u015fmas\u0131n\u0131 peki\u015ftirmekle birlikte ter\u00f6r \u00f6rg\u00fctlerin sivil b\u00f6lgelere sald\u0131r\u0131lar\u0131na bahane vermemek amac\u0131yla 30 Nisan sabah\u0131 saat 01:00\u2019dan itibaren yat\u0131\u015ft\u0131rma durumunun hayata ge\u00e7irilece\u011fini ilan etti. Beyanda bu durumun \u015eam ve k\u0131rsal\u0131n\u0131n Do\u011fu \u011euta B\u00f6lgesinde 24 saat,Lazkiye k\u0131rsal\u0131n\u0131n kuzeyinde de 72 saat s\u00fcrece\u011fini a\u00e7\u0131klad\u0131.<\/p>\n<p>Bu durumun sivillere geli\u015fig\u00fczel sald\u0131ran ter\u00f6r \u00f6rg\u00fctleri ve destek\u00e7ilerinin \u00f6n\u00fcnde yolu kesme ve bahane vermemeyi ama\u00e7lad\u0131\u011f\u0131n\u0131n ifade edildi\u011fi beyanda; \u00f6yle ki s\u00f6z konusu ter\u00f6r \u00f6rg\u00fctleri ve destek\u00e7ileri d\u0131\u015f taraflar\u0131n Suriye&#8217;de istikrar ve g\u00fcvenli\u011fin sa\u011flanmas\u0131n\u0131 engellemek i\u00e7in hi\u00e7bir \u00e7abadan geri kalmad\u0131klar\u0131 belirtildi.<\/p>\n","protected":false},"excerpt":{"rendered":"<p>\u015eAM \u2013 Ordu ve Silahl\u0131 Kuvvetler Genel Komutanl\u0131\u011f\u0131 Suriye&#8217;de \u00e7at\u0131\u015fmalar\u0131 durdurma anla\u015fmas\u0131n\u0131 peki\u015ftirmekle birlikte bir k\u0131s\u0131m ter\u00f6r \u00f6rg\u00fctlerin sivillere sald\u0131r\u0131lar\u0131na bahane vermeme amac\u0131yla \u2018yat\u0131\u015ft\u0131rma sisteminin\u2019 bu gece yar\u0131s\u0131ndan sonra hayata ge\u00e7irilece\u011fini ilan etti. Genel Komutanl\u0131k bug\u00fcn yay\u0131nlad\u0131\u011f\u0131 ve SANA\u2019n\u0131n bir n\u00fcshas\u0131n\u0131 ald\u0131\u011f\u0131 beyanda; \u00fcst\u00fcne anla\u015f\u0131lan \u00e7at\u0131\u015fmalar\u0131 durdurma anla\u015fmas\u0131n\u0131 peki\u015ftirmekle birlikte ter\u00f6r \u00f6rg\u00fctlerin sivil b\u00f6lgelere sald\u0131r\u0131lar\u0131na &hellip;<\/p>\n","protected":false},"author":1,"featured_media":71107,"comment_status":"closed","ping_status":"closed","sticky":false,"template":"","format":"standard","meta":{"footnotes":""},"categories":[479,575,17988,478],"tags":[20808,20807,20806],"class_list":["post-71106","post","type-post","status-publish","format-standard","has-post-thumbnail","","category-haberler-yerel","category-olaylar-ve-gercekler","category-son-haberler","category-yerel","tag-genel-komutanligin-beyani","tag-lazkiye-kirsalinda-da-72-saat","tag-sam-ve-dogu-gutada-24-saat"],"_links":{"self":[{"href":"https:\/\/archive.sana.sy\/tr\/index.php?rest_route=\/wp\/v2\/posts\/71106","targetHints":{"allow":["GET"]}}],"collection":[{"href":"https:\/\/archive.sana.sy\/tr\/index.php?rest_route=\/wp\/v2\/posts"}],"about":[{"href":"https:\/\/archive.sana.sy\/tr\/index.php?rest_route=\/wp\/v2\/types\/post"}],"author":[{"embeddable":true,"href":"https:\/\/archive.sana.sy\/tr\/index.php?rest_route=\/wp\/v2\/users\/1"}],"replies":[{"embeddable":true,"href":"https:\/\/archive.sana.sy\/tr\/index.php?rest_route=%2Fwp%2Fv2%2Fcomments&post=71106"}],"version-history":[{"count":0,"href":"https:\/\/archive.sana.sy\/tr\/index.php?rest_route=\/wp\/v2\/posts\/71106\/revisions"}],"wp:featuredmedia":[{"embeddable":true,"href":"https:\/\/archive.sana.sy\/tr\/index.php?rest_route=\/wp\/v2\/media\/71107"}],"wp:attachment":[{"href":"https:\/\/archive.sana.sy\/tr\/index.php?rest_route=%2Fwp%2Fv2%2Fmedia&parent=71106"}],"wp:term":[{"taxonomy":"category","embeddable":true,"href":"https:\/\/archive.sana.sy\/tr\/index.php?rest_route=%2Fwp%2Fv2%2Fcategories&post=71106"},{"taxonomy":"post_tag","embeddable":true,"href":"https:\/\/archive.sana.sy\/tr\/index.php?rest_route=%2Fwp%2Fv2%2Ftags&post=71106"}],"curies":[{"name":"wp","href":"https:\/\/api.w.org\/{rel}","templated":true}]}}