{"id":7112,"date":"2014-08-12T16:44:00","date_gmt":"2014-08-12T13:44:00","guid":{"rendered":"http:\/\/www.sana.sy\/tr\/?p=7112"},"modified":"2014-08-12T16:44:00","modified_gmt":"2014-08-12T13:44:00","slug":"kor-saldirilarda-hedef-yine-siviller","status":"publish","type":"post","link":"https:\/\/archive.sana.sy\/tr\/?p=7112","title":{"rendered":"K\u00f6r Sald\u0131r\u0131larda Hedef Yine Siviller"},"content":{"rendered":"<p>\u015eAM KIRSALI \u2013 \u015eam \u00c7evre Kent Emniyet M\u00fcd\u00fcrl\u00fc\u011f\u00fcnde yetkili bir kaynak hain ve gaddar ter\u00f6r \u00e7etelerinin \u015eam k\u0131rsal\u0131 Haresta Banliy\u00f6s\u00fcn\u00fc havan toplar\u0131yla hedef ald\u0131klar\u0131n\u0131 s\u00f6yledi.<\/p>\n<p>Kaynak hain havan mermisinin 3-B adas\u0131nda bulvara d\u00fc\u015ft\u00fc\u011f\u00fcn\u00fc ifade ederek, bunun sonucunda bir vatanda\u015f\u0131n yaraland\u0131\u011f\u0131n\u0131 aktard\u0131.<\/p>\n","protected":false},"excerpt":{"rendered":"<p>\u015eAM KIRSALI \u2013 \u015eam \u00c7evre Kent Emniyet M\u00fcd\u00fcrl\u00fc\u011f\u00fcnde yetkili bir kaynak hain ve gaddar ter\u00f6r \u00e7etelerinin \u015eam k\u0131rsal\u0131 Haresta Banliy\u00f6s\u00fcn\u00fc havan toplar\u0131yla hedef ald\u0131klar\u0131n\u0131 s\u00f6yledi. Kaynak hain havan mermisinin 3-B adas\u0131nda bulvara d\u00fc\u015ft\u00fc\u011f\u00fcn\u00fc ifade ederek, bunun sonucunda bir vatanda\u015f\u0131n yaraland\u0131\u011f\u0131n\u0131 aktard\u0131.<\/p>\n","protected":false},"author":1,"featured_media":7113,"comment_status":"closed","ping_status":"closed","sticky":false,"template":"","format":"standard","meta":{"footnotes":""},"categories":[479,575,478],"tags":[1593],"class_list":["post-7112","post","type-post","status-publish","format-standard","has-post-thumbnail","","category-haberler-yerel","category-olaylar-ve-gercekler","category-yerel","tag-kor-saldirilarda-hedef-yine-siviller"],"_links":{"self":[{"href":"https:\/\/archive.sana.sy\/tr\/index.php?rest_route=\/wp\/v2\/posts\/7112","targetHints":{"allow":["GET"]}}],"collection":[{"href":"https:\/\/archive.sana.sy\/tr\/index.php?rest_route=\/wp\/v2\/posts"}],"about":[{"href":"https:\/\/archive.sana.sy\/tr\/index.php?rest_route=\/wp\/v2\/types\/post"}],"author":[{"embeddable":true,"href":"https:\/\/archive.sana.sy\/tr\/index.php?rest_route=\/wp\/v2\/users\/1"}],"replies":[{"embeddable":true,"href":"https:\/\/archive.sana.sy\/tr\/index.php?rest_route=%2Fwp%2Fv2%2Fcomments&post=7112"}],"version-history":[{"count":0,"href":"https:\/\/archive.sana.sy\/tr\/index.php?rest_route=\/wp\/v2\/posts\/7112\/revisions"}],"wp:featuredmedia":[{"embeddable":true,"href":"https:\/\/archive.sana.sy\/tr\/index.php?rest_route=\/wp\/v2\/media\/7113"}],"wp:attachment":[{"href":"https:\/\/archive.sana.sy\/tr\/index.php?rest_route=%2Fwp%2Fv2%2Fmedia&parent=7112"}],"wp:term":[{"taxonomy":"category","embeddable":true,"href":"https:\/\/archive.sana.sy\/tr\/index.php?rest_route=%2Fwp%2Fv2%2Fcategories&post=7112"},{"taxonomy":"post_tag","embeddable":true,"href":"https:\/\/archive.sana.sy\/tr\/index.php?rest_route=%2Fwp%2Fv2%2Ftags&post=7112"}],"curies":[{"name":"wp","href":"https:\/\/api.w.org\/{rel}","templated":true}]}}