{"id":7115,"date":"2014-08-12T16:47:30","date_gmt":"2014-08-12T13:47:30","guid":{"rendered":"http:\/\/www.sana.sy\/tr\/?p=7115"},"modified":"2014-08-12T16:47:30","modified_gmt":"2014-08-12T13:47:30","slug":"muallim-dunya-gida-programinin-yurutme-ofis-muduru-ile-gorusmesinde-suriyenin-herhangi-bir-ayirim-gozetmeksizin-istisnasiz-her-karis-topraginda-ve-istisnasiz-tum-vatandaslarina-insani-yardimlari-ul","status":"publish","type":"post","link":"https:\/\/archive.sana.sy\/tr\/?p=7115","title":{"rendered":"Muallim; D\u00fcnya G\u0131da Program\u0131n\u0131n Y\u00fcr\u00fctme Ofis M\u00fcd\u00fcr\u00fc ile g\u00f6r\u00fc\u015fmesinde Suriye&#8217;nin herhangi bir ay\u0131r\u0131m g\u00f6zetmeksizin istisnas\u0131z her kar\u0131\u015f topra\u011f\u0131nda ve istisnas\u0131z t\u00fcm vatanda\u015flar\u0131na insani yard\u0131mlar\u0131 ula\u015ft\u0131rma BM\u2019ye tabi olarak yard\u0131m alanlar\u0131nda g\u00f6rev yapan t\u00fcm ajans ve \u00f6rg\u00fctlerle i\u015fbirli\u011fine ba\u011fl\u0131 oldu\u011funu vurgulad\u0131."},"content":{"rendered":"<p>Muallim; D\u00fcnya G\u0131da Program\u0131n\u0131n Y\u00fcr\u00fctme Ofis M\u00fcd\u00fcr\u00fc ile g\u00f6r\u00fc\u015fmesinde Suriye&#8217;nin herhangi bir ay\u0131r\u0131m g\u00f6zetmeksizin istisnas\u0131z her kar\u0131\u015f topra\u011f\u0131nda ve istisnas\u0131z t\u00fcm vatanda\u015flar\u0131na insani yard\u0131mlar\u0131 ula\u015ft\u0131rma BM\u2019ye tabi olarak yard\u0131m alanlar\u0131nda g\u00f6rev yapan t\u00fcm ajans ve \u00f6rg\u00fctlerle i\u015fbirli\u011fine ba\u011fl\u0131 oldu\u011funu vurgulad\u0131.<\/p>\n","protected":false},"excerpt":{"rendered":"<p>Muallim; D\u00fcnya G\u0131da Program\u0131n\u0131n Y\u00fcr\u00fctme Ofis M\u00fcd\u00fcr\u00fc ile g\u00f6r\u00fc\u015fmesinde Suriye&#8217;nin herhangi bir ay\u0131r\u0131m g\u00f6zetmeksizin istisnas\u0131z her kar\u0131\u015f topra\u011f\u0131nda ve istisnas\u0131z t\u00fcm vatanda\u015flar\u0131na insani yard\u0131mlar\u0131 ula\u015ft\u0131rma BM\u2019ye tabi olarak yard\u0131m alanlar\u0131nda g\u00f6rev yapan t\u00fcm ajans ve \u00f6rg\u00fctlerle i\u015fbirli\u011fine ba\u011fl\u0131 oldu\u011funu vurgulad\u0131.<\/p>\n","protected":false},"author":1,"featured_media":0,"comment_status":"closed","ping_status":"closed","sticky":false,"template":"","format":"standard","meta":{"footnotes":""},"categories":[1],"tags":[],"class_list":["post-7115","post","type-post","status-publish","format-standard","","category-news-not-sorted"],"_links":{"self":[{"href":"https:\/\/archive.sana.sy\/tr\/index.php?rest_route=\/wp\/v2\/posts\/7115","targetHints":{"allow":["GET"]}}],"collection":[{"href":"https:\/\/archive.sana.sy\/tr\/index.php?rest_route=\/wp\/v2\/posts"}],"about":[{"href":"https:\/\/archive.sana.sy\/tr\/index.php?rest_route=\/wp\/v2\/types\/post"}],"author":[{"embeddable":true,"href":"https:\/\/archive.sana.sy\/tr\/index.php?rest_route=\/wp\/v2\/users\/1"}],"replies":[{"embeddable":true,"href":"https:\/\/archive.sana.sy\/tr\/index.php?rest_route=%2Fwp%2Fv2%2Fcomments&post=7115"}],"version-history":[{"count":0,"href":"https:\/\/archive.sana.sy\/tr\/index.php?rest_route=\/wp\/v2\/posts\/7115\/revisions"}],"wp:attachment":[{"href":"https:\/\/archive.sana.sy\/tr\/index.php?rest_route=%2Fwp%2Fv2%2Fmedia&parent=7115"}],"wp:term":[{"taxonomy":"category","embeddable":true,"href":"https:\/\/archive.sana.sy\/tr\/index.php?rest_route=%2Fwp%2Fv2%2Fcategories&post=7115"},{"taxonomy":"post_tag","embeddable":true,"href":"https:\/\/archive.sana.sy\/tr\/index.php?rest_route=%2Fwp%2Fv2%2Ftags&post=7115"}],"curies":[{"name":"wp","href":"https:\/\/api.w.org\/{rel}","templated":true}]}}