{"id":7117,"date":"2014-08-12T14:54:25","date_gmt":"2014-08-12T11:54:25","guid":{"rendered":"http:\/\/www.sana.sy\/tr\/?p=7117"},"modified":"2014-08-13T11:44:05","modified_gmt":"2014-08-13T08:44:05","slug":"silahlariyla-teslim-olan-54-kisi-serbest-birakildi","status":"publish","type":"post","link":"https:\/\/archive.sana.sy\/tr\/?p=7117","title":{"rendered":"Silahlar\u0131yla teslim Olan 54 ki\u015fi Serbest B\u0131rak\u0131ld\u0131"},"content":{"rendered":"<p>\u015eAM KIRSALI \u2013 \u015eam k\u0131rsal\u0131n\u0131n Meshara, Kenakir ve Cebba k\u00f6ylerinde muhtelif \u015fekillerde oyuna getirilerek silahl\u0131 eylemlere kat\u0131lmalar\u0131 ard\u0131ndan silahlar\u0131yla g\u00fcvenlik kurumlar\u0131na teslim olan 54 ki\u015fi bug\u00fcn serbest b\u0131rak\u0131ld\u0131.<\/p>\n<p>Emniyet M\u00fcd\u00fcrl\u00fc\u011f\u00fcnde yetkili bir kaynak serbest b\u0131rak\u0131lan s\u00f6z konusu vatanda\u015flar\u0131n, yeniden ulusal g\u00fcvenli\u011fi tehdit edecek herhangi bir eyleme kat\u0131lmama taahh\u00fcd\u00fc imzalamalar\u0131 ard\u0131ndan haklar\u0131nda y\u00fcr\u00fct\u00fclen yarg\u0131 i\u015flemlerinin durduruldu\u011funu s\u00f6yledi.<\/p>\n","protected":false},"excerpt":{"rendered":"<p>\u015eAM KIRSALI \u2013 \u015eam k\u0131rsal\u0131n\u0131n Meshara, Kenakir ve Cebba k\u00f6ylerinde muhtelif \u015fekillerde oyuna getirilerek silahl\u0131 eylemlere kat\u0131lmalar\u0131 ard\u0131ndan silahlar\u0131yla g\u00fcvenlik kurumlar\u0131na teslim olan 54 ki\u015fi bug\u00fcn serbest b\u0131rak\u0131ld\u0131. Emniyet M\u00fcd\u00fcrl\u00fc\u011f\u00fcnde yetkili bir kaynak serbest b\u0131rak\u0131lan s\u00f6z konusu vatanda\u015flar\u0131n, yeniden ulusal g\u00fcvenli\u011fi tehdit edecek herhangi bir eyleme kat\u0131lmama taahh\u00fcd\u00fc imzalamalar\u0131 ard\u0131ndan haklar\u0131nda y\u00fcr\u00fct\u00fclen yarg\u0131 i\u015flemlerinin durduruldu\u011funu &hellip;<\/p>\n","protected":false},"author":1,"featured_media":7118,"comment_status":"closed","ping_status":"closed","sticky":false,"template":"","format":"standard","meta":{"footnotes":""},"categories":[479,575,478],"tags":[1594],"class_list":["post-7117","post","type-post","status-publish","format-standard","has-post-thumbnail","","category-haberler-yerel","category-olaylar-ve-gercekler","category-yerel","tag-silahlariyla-teslim-olan-54-kisi-serbest-birakildi"],"_links":{"self":[{"href":"https:\/\/archive.sana.sy\/tr\/index.php?rest_route=\/wp\/v2\/posts\/7117","targetHints":{"allow":["GET"]}}],"collection":[{"href":"https:\/\/archive.sana.sy\/tr\/index.php?rest_route=\/wp\/v2\/posts"}],"about":[{"href":"https:\/\/archive.sana.sy\/tr\/index.php?rest_route=\/wp\/v2\/types\/post"}],"author":[{"embeddable":true,"href":"https:\/\/archive.sana.sy\/tr\/index.php?rest_route=\/wp\/v2\/users\/1"}],"replies":[{"embeddable":true,"href":"https:\/\/archive.sana.sy\/tr\/index.php?rest_route=%2Fwp%2Fv2%2Fcomments&post=7117"}],"version-history":[{"count":0,"href":"https:\/\/archive.sana.sy\/tr\/index.php?rest_route=\/wp\/v2\/posts\/7117\/revisions"}],"wp:featuredmedia":[{"embeddable":true,"href":"https:\/\/archive.sana.sy\/tr\/index.php?rest_route=\/wp\/v2\/media\/7118"}],"wp:attachment":[{"href":"https:\/\/archive.sana.sy\/tr\/index.php?rest_route=%2Fwp%2Fv2%2Fmedia&parent=7117"}],"wp:term":[{"taxonomy":"category","embeddable":true,"href":"https:\/\/archive.sana.sy\/tr\/index.php?rest_route=%2Fwp%2Fv2%2Fcategories&post=7117"},{"taxonomy":"post_tag","embeddable":true,"href":"https:\/\/archive.sana.sy\/tr\/index.php?rest_route=%2Fwp%2Fv2%2Ftags&post=7117"}],"curies":[{"name":"wp","href":"https:\/\/api.w.org\/{rel}","templated":true}]}}