{"id":7120,"date":"2014-08-12T21:30:45","date_gmt":"2014-08-12T18:30:45","guid":{"rendered":"http:\/\/www.sana.sy\/tr\/?p=7120"},"modified":"2014-08-13T13:40:20","modified_gmt":"2014-08-13T10:40:20","slug":"muallim-wfp-heyetiyle-isbirligini-pekistirme-olanaklarini-gorustu","status":"publish","type":"post","link":"https:\/\/archive.sana.sy\/tr\/?p=7120","title":{"rendered":"\u0130nsani Yard\u0131m Ge\u00e7itlerini Silah ve M\u00fchimmat Ge\u00e7irmek \u0130\u00e7in Kullan\u0131yorlar"},"content":{"rendered":"<p>\u015eAM \u2013 \u0130\u015flemleri y\u00fcr\u00fctmekle y\u00fck\u00fcml\u00fc kabine ba\u015fkan\u0131 ve yeni kabineyi te\u015fkil etmekle g\u00f6revlendirilen Vail el Halaki Suriye&#8217;nin ba\u015fta D\u00fcnya G\u0131da Program\u0131 olmak \u00fczere yard\u0131m alan\u0131nda \u00e7al\u0131\u015fan t\u00fcm uluslar aras\u0131 \u00f6rg\u00fct ve kurumlarla i\u015fbirli\u011fine b\u00fcy\u00fck \u00f6zen g\u00f6sterdi\u011fini bir kez daha vurgulad\u0131.<\/p>\n<p>Birle\u015fmi\u015f Milletler (BM) D\u00fcnya G\u0131da Program\u0131 (World Food Programme, WFP) \u0130cra Direkt\u00f6r\u00fc Ertharin Cousin ve ona e\u015flik eden heyet ile bug\u00fcn \u015eam\u2019da bir araya gelen Halaki; silahl\u0131 tekfirci ter\u00f6r \u00f6rg\u00fctlerinin eylemlerinden zarar g\u00f6ren istisnas\u0131z t\u00fcm vatanda\u015flara bulunduklar\u0131 muhtelif b\u00f6lgelerde insani yard\u0131mlar\u0131n ula\u015ft\u0131r\u0131lmas\u0131 i\u00e7in Suriye&#8217;nin WFP ile i\u015fbirli\u011fini peki\u015ftirmeye haz\u0131r oldu\u011funu belirtti.<\/p>\n<p>Halaki bu ba\u011flamda Uluslararas\u0131 G\u00fcvenlik Konseyinin 2139 ve 2165 say\u0131l\u0131 kararlar\u0131na dikkat \u00e7ekerek, s\u00f6z konusu bu kararlar\u0131n insani yard\u0131m sa\u011flanmas\u0131 ve da\u011f\u0131t\u0131lmas\u0131nda Suriye Arap Cumhuriyetinin ba\u011f\u0131ms\u0131zl\u0131\u011f\u0131 ve egemenli\u011fine sayg\u0131 g\u00f6sterilmesini, d\u00fcr\u00fcstl\u00fck ve tarafs\u0131zl\u0131\u011fa ba\u011fl\u0131 kal\u0131nmas\u0131n\u0131 mutlak k\u0131ld\u0131\u011f\u0131n\u0131n alt\u0131n\u0131 \u00e7izdi.<\/p>\n<p>Silahl\u0131 ter\u00f6r \u00f6rg\u00fctlerinin G\u00fcvenlik Konseyinin 2165 say\u0131l\u0131 karar\u0131nda belirledi\u011fi insani yard\u0131m ge\u00e7itlerini \u2018insani yard\u0131m\u2019 ad\u0131 alt\u0131nda silah ve m\u00fchimmat ge\u00e7irmede kulland\u0131klar\u0131na vurgu yapan Halaki; buna ilaveten insani alanlarda g\u00f6rev yapanlar\u0131n bu silahl\u0131 \u00f6rg\u00fctler taraf\u0131ndan sald\u0131r\u0131ya maruz kald\u0131klar\u0131na dikkat \u00e7ekti.<\/p>\n<p><span style=\"color: #0000ff\">Muallim WFP Heyetiyle \u0130\u015fbirli\u011fini Peki\u015ftirme Olanaklar\u0131n\u0131 G\u00f6r\u00fc\u015ft\u00fc<\/span><\/p>\n<p>\u00d6te yandan i\u015flemleri y\u00fcr\u00fctmekle m\u00fckellef kabinede Ba\u015fbakan Yard\u0131mc\u0131s\u0131 D\u0131\u015fi\u015fleri ve Gurbet\u00e7iler Bakan\u0131 Velit el Muallim Cousin ve ona e\u015flik eden heyet ile bir araya geldi.<\/p>\n<p>G\u00f6r\u00fc\u015fmede iki taraf, muhtelif b\u00f6lgelerde ter\u00f6r eylemlerinden zarar g\u00f6ren vatanda\u015flara insani yard\u0131mlar\u0131n ula\u015ft\u0131r\u0131lmas\u0131nda Suriye h\u00fck\u00fcmeti ile WFP aras\u0131nda i\u015fbirli\u011fini peki\u015ftirme olanaklar\u0131n\u0131 masaya yat\u0131rd\u0131lar.<\/p>\n<p><a href=\"http:\/\/www.sana.sy\/tr\/wp-content\/uploads\/2014\/08\/Muallim-2.jpg\"><img loading=\"lazy\" decoding=\"async\" class=\"alignright wp-image-7122 size-medium\" src=\"http:\/\/www.sana.sy\/tr\/wp-content\/uploads\/2014\/08\/Muallim-2-300x183.jpg\" alt=\"Muallim 2\" width=\"300\" height=\"183\" srcset=\"https:\/\/archive.sana.sy\/tr\/wp-content\/uploads\/2014\/08\/Muallim-2-300x183.jpg 300w, https:\/\/archive.sana.sy\/tr\/wp-content\/uploads\/2014\/08\/Muallim-2-150x91.jpg 150w, https:\/\/archive.sana.sy\/tr\/wp-content\/uploads\/2014\/08\/Muallim-2-1024x626.jpg 1024w\" sizes=\"auto, (max-width: 300px) 100vw, 300px\" \/><\/a>Muallim Suriye&#8217;nin herhangi bir ay\u0131r\u0131m g\u00f6zetmeksizin vatan\u0131n istisnas\u0131z her kar\u0131\u015f topra\u011f\u0131nda ve istisnas\u0131z t\u00fcm vatanda\u015flara insani yard\u0131mlar\u0131 ula\u015ft\u0131rmada BM\u2019ye tabi olarak yard\u0131m alanlar\u0131nda g\u00f6rev yapan t\u00fcm ajans ve \u00f6rg\u00fctlerle i\u015fbirli\u011fini s\u00fcrd\u00fcrme ve bu ba\u011flamdaki anla\u015fmalar gere\u011fince t\u00fcm sorumluluklar\u0131na ba\u011fl\u0131 oldu\u011funu vurgulad\u0131. Muallim; t\u00fcm bu \u00e7al\u0131\u015fmalar\u0131n Suriye&#8217;nin egemenlik ve ba\u011f\u0131ms\u0131zl\u0131\u011f\u0131na sayg\u0131 \u00e7er\u00e7evesinde olmas\u0131 gere\u011finin alt\u0131n\u0131 \u00e7izdi.<\/p>\n<p>G\u00f6r\u00fc\u015fmede Cousin Suriye&#8217;nin sergiledi\u011fi i\u015fbirli\u011fini \u00f6verken, WFP ekiplerinin \u00e7al\u0131\u015fmalar\u0131nda kar\u015f\u0131la\u015ft\u0131klar\u0131 zorluklar\u0131 a\u015fmada Suriye h\u00fck\u00fcmetinin destek ve i\u015fbirli\u011finin takdire \u015fayan oldu\u011funu vurgulad\u0131.<\/p>\n<p>WFP \u00e7al\u0131\u015fmalar\u0131nda sa\u011flanan ilerlemelere \u0131\u015f\u0131k tutan Cousin; WFP plan\u0131n\u0131n ba\u015far\u0131l\u0131 olmas\u0131 i\u00e7in ekibiyle birlikte gerekli t\u00fcm \u00e7abalar\u0131 sarfetmeye haz\u0131r oldu\u011funu s\u00f6yledi.<\/p>\n<p>G\u00f6r\u00fc\u015fmeye kat\u0131lan D\u0131\u015fi\u015fleri ve Gurbet\u00e7iler Bakan\u0131 Yard\u0131mc\u0131s\u0131 Faysal Mikdat daha \u00f6nce Cousin ve heyetiyle birlikte benzer konularda temaslarda bulunmu\u015ftu.<br \/>\n<span style=\"color: #0000ff\">\u015eammat \u0130nsani Yard\u0131mlar\u0131n \u0130stisnas\u0131z T\u00fcm B\u00f6lgelere Ula\u015ft\u0131r\u0131lmas\u0131nda \u0130\u015fbirli\u011fine \u00c7a\u011f\u0131rd\u0131<\/span><\/p>\n<p>Cusin ve beraberindeki heyetle yine temaslarda bulunan Sosyal \u0130\u015fler Bakan\u0131 Kinda el \u015eammat; WFP\u2019nin Suriye&#8217;de <img loading=\"lazy\" decoding=\"async\" class=\"alignright wp-image-7133 size-thumbnail\" src=\"http:\/\/www.sana.sy\/tr\/wp-content\/uploads\/2014\/08\/sosyal-i\u015fler-bakan\u0131-150x100.jpg\" alt=\"sosyal i\u015fler bakan\u0131\" width=\"150\" height=\"100\" srcset=\"https:\/\/archive.sana.sy\/tr\/wp-content\/uploads\/2014\/08\/sosyal-i\u015fler-bakan\u0131-150x100.jpg 150w, https:\/\/archive.sana.sy\/tr\/wp-content\/uploads\/2014\/08\/sosyal-i\u015fler-bakan\u0131-300x200.jpg 300w, https:\/\/archive.sana.sy\/tr\/wp-content\/uploads\/2014\/08\/sosyal-i\u015fler-bakan\u0131-1024x685.jpg 1024w\" sizes=\"auto, (max-width: 150px) 100vw, 150px\" \/>\u00e7al\u0131\u015fmalar\u0131n\u0131 geni\u015fletmekle birlikte insani yard\u0131mlar\u0131n istisnas\u0131z t\u00fcm b\u00f6lgelerdeki vatanda\u015flara ula\u015ft\u0131r\u0131lmas\u0131 \u00e7a\u011fr\u0131s\u0131nda bulundu.<\/p>\n<p>\u015eammat \u0130nsani Yard\u0131m Y\u00fcksek Komitesi ile uluslar aras\u0131 \u00f6rg\u00fctler aras\u0131ndaki i\u015fbirli\u011fini uluslar aras\u0131 t\u00fcm kararlara ve dayatmalara ra\u011fmen devam etti\u011fini belirtti.<\/p>\n","protected":false},"excerpt":{"rendered":"<p>\u015eAM \u2013 \u0130\u015flemleri y\u00fcr\u00fctmekle y\u00fck\u00fcml\u00fc kabine ba\u015fkan\u0131 ve yeni kabineyi te\u015fkil etmekle g\u00f6revlendirilen Vail el Halaki Suriye&#8217;nin ba\u015fta D\u00fcnya G\u0131da Program\u0131 olmak \u00fczere yard\u0131m alan\u0131nda \u00e7al\u0131\u015fan t\u00fcm uluslar aras\u0131 \u00f6rg\u00fct ve kurumlarla i\u015fbirli\u011fine b\u00fcy\u00fck \u00f6zen g\u00f6sterdi\u011fini bir kez daha vurgulad\u0131. Birle\u015fmi\u015f Milletler (BM) D\u00fcnya G\u0131da Program\u0131 (World Food Programme, WFP) \u0130cra Direkt\u00f6r\u00fc Ertharin Cousin ve &hellip;<\/p>\n","protected":false},"author":1,"featured_media":7131,"comment_status":"closed","ping_status":"closed","sticky":false,"template":"","format":"standard","meta":{"footnotes":""},"categories":[479,478],"tags":[1597,1595],"class_list":["post-7120","post","type-post","status-publish","format-standard","has-post-thumbnail","","category-haberler-yerel","category-yerel","tag-insani-yardim-gecitlerini-silah-ve-muhimmat-gecirmek-icin-kullaniyorlar","tag-muallim-wfp-heyetiyle-isbirligini-pekistirme-olanaklarini-gorustu"],"_links":{"self":[{"href":"https:\/\/archive.sana.sy\/tr\/index.php?rest_route=\/wp\/v2\/posts\/7120","targetHints":{"allow":["GET"]}}],"collection":[{"href":"https:\/\/archive.sana.sy\/tr\/index.php?rest_route=\/wp\/v2\/posts"}],"about":[{"href":"https:\/\/archive.sana.sy\/tr\/index.php?rest_route=\/wp\/v2\/types\/post"}],"author":[{"embeddable":true,"href":"https:\/\/archive.sana.sy\/tr\/index.php?rest_route=\/wp\/v2\/users\/1"}],"replies":[{"embeddable":true,"href":"https:\/\/archive.sana.sy\/tr\/index.php?rest_route=%2Fwp%2Fv2%2Fcomments&post=7120"}],"version-history":[{"count":0,"href":"https:\/\/archive.sana.sy\/tr\/index.php?rest_route=\/wp\/v2\/posts\/7120\/revisions"}],"wp:featuredmedia":[{"embeddable":true,"href":"https:\/\/archive.sana.sy\/tr\/index.php?rest_route=\/wp\/v2\/media\/7131"}],"wp:attachment":[{"href":"https:\/\/archive.sana.sy\/tr\/index.php?rest_route=%2Fwp%2Fv2%2Fmedia&parent=7120"}],"wp:term":[{"taxonomy":"category","embeddable":true,"href":"https:\/\/archive.sana.sy\/tr\/index.php?rest_route=%2Fwp%2Fv2%2Fcategories&post=7120"},{"taxonomy":"post_tag","embeddable":true,"href":"https:\/\/archive.sana.sy\/tr\/index.php?rest_route=%2Fwp%2Fv2%2Ftags&post=7120"}],"curies":[{"name":"wp","href":"https:\/\/api.w.org\/{rel}","templated":true}]}}