{"id":7125,"date":"2014-08-12T20:20:16","date_gmt":"2014-08-12T17:20:16","guid":{"rendered":"http:\/\/www.sana.sy\/tr\/?p=7125"},"modified":"2014-08-12T21:02:50","modified_gmt":"2014-08-12T18:02:50","slug":"harim-ve-salkine-yeni-bir-insani-yardim-konvoyu","status":"publish","type":"post","link":"https:\/\/archive.sana.sy\/tr\/?p=7125","title":{"rendered":"Harim ve Salkin&#8217;e Yeni Bir \u0130nsani Yard\u0131m Konvoyu"},"content":{"rendered":"<p>\u0130DL\u0130B \u2013 \u0130dlib Valili\u011fi bug\u00fcn Suriye Arap K\u0131z\u0131lay \u00d6rg\u00fct\u00fc ile i\u015fbirli\u011fi i\u00e7inde 2500 paket g\u0131da ve t\u0131bbi yard\u0131mlardan olu\u015fan bir insani yard\u0131m konvoyunu \u0130dlib k\u0131rsal\u0131n\u0131n Salkin ve Harim kasabalar\u0131na g\u00f6nderdi.<\/p>\n<p><a href=\"http:\/\/www.sana.sy\/tr\/wp-content\/uploads\/2014\/08\/\u0130nsani-Yard\u0131m-2.jpg\"><img loading=\"lazy\" decoding=\"async\" class=\"alignright wp-image-7128 size-medium\" src=\"http:\/\/www.sana.sy\/tr\/wp-content\/uploads\/2014\/08\/\u0130nsani-Yard\u0131m-2-300x159.jpg\" alt=\"\u0130nsani Yard\u0131m 2\" width=\"300\" height=\"159\" srcset=\"https:\/\/archive.sana.sy\/tr\/wp-content\/uploads\/2014\/08\/\u0130nsani-Yard\u0131m-2-300x160.jpg 300w, https:\/\/archive.sana.sy\/tr\/wp-content\/uploads\/2014\/08\/\u0130nsani-Yard\u0131m-2-150x79.jpg 150w, https:\/\/archive.sana.sy\/tr\/wp-content\/uploads\/2014\/08\/\u0130nsani-Yard\u0131m-2.jpg 620w\" sizes=\"auto, (max-width: 300px) 100vw, 300px\" \/><\/a>\u0130dlib Valili\u011finde \u0130cra Direkt\u00f6r\u00fc Yard\u0131mc\u0131s\u0131 Ali Casim \u0130dlib k\u0131rsal\u0131n\u0131n kuzeyinde ihtiya\u00e7 sahipleri vatanda\u015flar\u0131n gereksinimlerini kar\u015f\u0131lama amac\u0131yla d\u00fcn bir insani yard\u0131m konvoyunun g\u00f6nderildi\u011fine dikkat \u00e7ekerken, Suriye h\u00fck\u00fcmetinin istisnas\u0131z t\u00fcm b\u00f6lgelerde t\u00fcm vatanda\u015flar\u0131n ihtiya\u00e7lar\u0131n\u0131 kar\u015f\u0131lamada hi\u00e7bir fark g\u00f6zetmedi\u011finin alt\u0131n\u0131 \u00e7izdi.<\/p>\n<p>Casim yar\u0131m konvoylar\u0131n\u0131n muhtelif b\u00f6lgelre g\u00f6nderilmeye devam edilece\u011fini ifade etti.<\/p>\n<p>K\u0131z\u0131lay \u00d6rg\u00fct\u00fcn\u00fcn \u0130dlib \u015eube Sekreteri Vesim Harbutlu insnai yard\u0131mlar\u0131n da\u011f\u0131t\u0131lmas\u0131n\u0131 denetlediklerini ve ihtiya\u00e7 sahiplerine ula\u015fmas\u0131na b\u00fcy\u00fck \u00f6zen g\u00f6sterdiklerini s\u00f6yledi.<\/p>\n<p>&nbsp;<\/p>\n","protected":false},"excerpt":{"rendered":"<p>\u0130DL\u0130B \u2013 \u0130dlib Valili\u011fi bug\u00fcn Suriye Arap K\u0131z\u0131lay \u00d6rg\u00fct\u00fc ile i\u015fbirli\u011fi i\u00e7inde 2500 paket g\u0131da ve t\u0131bbi yard\u0131mlardan olu\u015fan bir insani yard\u0131m konvoyunu \u0130dlib k\u0131rsal\u0131n\u0131n Salkin ve Harim kasabalar\u0131na g\u00f6nderdi. \u0130dlib Valili\u011finde \u0130cra Direkt\u00f6r\u00fc Yard\u0131mc\u0131s\u0131 Ali Casim \u0130dlib k\u0131rsal\u0131n\u0131n kuzeyinde ihtiya\u00e7 sahipleri vatanda\u015flar\u0131n gereksinimlerini kar\u015f\u0131lama amac\u0131yla d\u00fcn bir insani yard\u0131m konvoyunun g\u00f6nderildi\u011fine dikkat \u00e7ekerken, Suriye &hellip;<\/p>\n","protected":false},"author":1,"featured_media":7126,"comment_status":"closed","ping_status":"closed","sticky":false,"template":"","format":"standard","meta":{"footnotes":""},"categories":[479,478],"tags":[1596],"class_list":["post-7125","post","type-post","status-publish","format-standard","has-post-thumbnail","","category-haberler-yerel","category-yerel","tag-harim-ve-salkine-yeni-bir-insani-yardim-konvoyu"],"_links":{"self":[{"href":"https:\/\/archive.sana.sy\/tr\/index.php?rest_route=\/wp\/v2\/posts\/7125","targetHints":{"allow":["GET"]}}],"collection":[{"href":"https:\/\/archive.sana.sy\/tr\/index.php?rest_route=\/wp\/v2\/posts"}],"about":[{"href":"https:\/\/archive.sana.sy\/tr\/index.php?rest_route=\/wp\/v2\/types\/post"}],"author":[{"embeddable":true,"href":"https:\/\/archive.sana.sy\/tr\/index.php?rest_route=\/wp\/v2\/users\/1"}],"replies":[{"embeddable":true,"href":"https:\/\/archive.sana.sy\/tr\/index.php?rest_route=%2Fwp%2Fv2%2Fcomments&post=7125"}],"version-history":[{"count":0,"href":"https:\/\/archive.sana.sy\/tr\/index.php?rest_route=\/wp\/v2\/posts\/7125\/revisions"}],"wp:featuredmedia":[{"embeddable":true,"href":"https:\/\/archive.sana.sy\/tr\/index.php?rest_route=\/wp\/v2\/media\/7126"}],"wp:attachment":[{"href":"https:\/\/archive.sana.sy\/tr\/index.php?rest_route=%2Fwp%2Fv2%2Fmedia&parent=7125"}],"wp:term":[{"taxonomy":"category","embeddable":true,"href":"https:\/\/archive.sana.sy\/tr\/index.php?rest_route=%2Fwp%2Fv2%2Fcategories&post=7125"},{"taxonomy":"post_tag","embeddable":true,"href":"https:\/\/archive.sana.sy\/tr\/index.php?rest_route=%2Fwp%2Fv2%2Ftags&post=7125"}],"curies":[{"name":"wp","href":"https:\/\/api.w.org\/{rel}","templated":true}]}}