{"id":71281,"date":"2016-05-01T19:20:55","date_gmt":"2016-05-01T16:20:55","guid":{"rendered":"http:\/\/www.sana.sy\/tr\/?p=71281"},"modified":"2016-05-02T15:41:53","modified_gmt":"2016-05-02T12:41:53","slug":"sivil-yerlesim-alanlarina-gelisiguzel-saldirilari-devam-ediyor","status":"publish","type":"post","link":"https:\/\/archive.sana.sy\/tr\/?p=71281","title":{"rendered":"Sivil Yerle\u015fim Alanlar\u0131na Geli\u015fig\u00fczel Sald\u0131r\u0131lar\u0131 Devam Ediyor"},"content":{"rendered":"<p>\u0130LLER\u00a0\u2013 Suriye ve halk\u0131na d\u00fc\u015fman rejimlerin destekledikleri ter\u00f6ristler bug\u00fcn de sivil yerle\u015fim alanlar\u0131na geli\u015fig\u00fczel f\u00fcze ve roket sald\u0131r\u0131lar\u0131n\u0131 s\u00fcrd\u00fcrd\u00fc.<\/p>\n<p>Dera Valili\u011finde yetkili bir kaynak SANA\u2019ya a\u00e7\u0131klamas\u0131nda; \u0130srail&#8217;in destekledi\u011fi Kaide \u00d6rg\u00fct\u00fcn\u00fcn Suriye kolu Nusra Cephesinden ter\u00f6ristlerin bug\u00fcn sabah saatlerinde Dera Kentinin sivil yerle\u015fim alanlar\u0131ndan Sebil Semtinde evleri ve vatanda\u015flar\u0131 havan roketleriyle hedef ald\u0131klar\u0131n\u0131 s\u00f6yledi.<\/p>\n<p>Kaynak hain geli\u015fig\u00fczel sald\u0131r\u0131larda \u00f6zel ve kamu m\u00fclklerde maddi hasarlar\u0131n olu\u015ftu\u011funu aktard\u0131.<\/p>\n<p><span style=\"color: #0000ff\">HALEP:<\/span><\/p>\n<p>SANA&#8217;n\u0131n Halep muhabiri Erdo\u011fan rejiminin y\u00f6nlendirdi\u011fi ter\u00f6ristlerin bug\u00fcn Halep Kentinin sivil yerle\u015fim alanlar\u0131na geli\u015fig\u00fczel f\u00fcze sald\u0131r\u0131lar\u0131n\u0131 s\u00fcrd\u00fcrd\u00fcklerini aktar\u0131rken, Meydan, S\u00fcleymaniye ve Seyit Ali semtlerine d\u00fc\u015fen f\u00fczelerde 15 vatanda\u015f\u0131n isabet ald\u0131\u011f\u0131n\u0131 belirtti\u200f<\/p>\n","protected":false},"excerpt":{"rendered":"<p>\u0130LLER\u00a0\u2013 Suriye ve halk\u0131na d\u00fc\u015fman rejimlerin destekledikleri ter\u00f6ristler bug\u00fcn de sivil yerle\u015fim alanlar\u0131na geli\u015fig\u00fczel f\u00fcze ve roket sald\u0131r\u0131lar\u0131n\u0131 s\u00fcrd\u00fcrd\u00fc. Dera Valili\u011finde yetkili bir kaynak SANA\u2019ya a\u00e7\u0131klamas\u0131nda; \u0130srail&#8217;in destekledi\u011fi Kaide \u00d6rg\u00fct\u00fcn\u00fcn Suriye kolu Nusra Cephesinden ter\u00f6ristlerin bug\u00fcn sabah saatlerinde Dera Kentinin sivil yerle\u015fim alanlar\u0131ndan Sebil Semtinde evleri ve vatanda\u015flar\u0131 havan roketleriyle hedef ald\u0131klar\u0131n\u0131 s\u00f6yledi. Kaynak hain &hellip;<\/p>\n","protected":false},"author":1,"featured_media":71382,"comment_status":"closed","ping_status":"closed","sticky":false,"template":"","format":"standard","meta":{"footnotes":""},"categories":[479,575,17988,478],"tags":[3464,18237,20849,17606,18344,20848],"class_list":["post-71281","post","type-post","status-publish","format-standard","has-post-thumbnail","","category-haberler-yerel","category-olaylar-ve-gercekler","category-son-haberler","category-yerel","tag-nusra-cephesi","tag-cihatcilar","tag-evlere-roket-dustu","tag-fuze-saldirilari","tag-gelisiguzel-saldirilar","tag-sivilelre-saldiri"],"_links":{"self":[{"href":"https:\/\/archive.sana.sy\/tr\/index.php?rest_route=\/wp\/v2\/posts\/71281","targetHints":{"allow":["GET"]}}],"collection":[{"href":"https:\/\/archive.sana.sy\/tr\/index.php?rest_route=\/wp\/v2\/posts"}],"about":[{"href":"https:\/\/archive.sana.sy\/tr\/index.php?rest_route=\/wp\/v2\/types\/post"}],"author":[{"embeddable":true,"href":"https:\/\/archive.sana.sy\/tr\/index.php?rest_route=\/wp\/v2\/users\/1"}],"replies":[{"embeddable":true,"href":"https:\/\/archive.sana.sy\/tr\/index.php?rest_route=%2Fwp%2Fv2%2Fcomments&post=71281"}],"version-history":[{"count":0,"href":"https:\/\/archive.sana.sy\/tr\/index.php?rest_route=\/wp\/v2\/posts\/71281\/revisions"}],"wp:featuredmedia":[{"embeddable":true,"href":"https:\/\/archive.sana.sy\/tr\/index.php?rest_route=\/wp\/v2\/media\/71382"}],"wp:attachment":[{"href":"https:\/\/archive.sana.sy\/tr\/index.php?rest_route=%2Fwp%2Fv2%2Fmedia&parent=71281"}],"wp:term":[{"taxonomy":"category","embeddable":true,"href":"https:\/\/archive.sana.sy\/tr\/index.php?rest_route=%2Fwp%2Fv2%2Fcategories&post=71281"},{"taxonomy":"post_tag","embeddable":true,"href":"https:\/\/archive.sana.sy\/tr\/index.php?rest_route=%2Fwp%2Fv2%2Ftags&post=71281"}],"curies":[{"name":"wp","href":"https:\/\/api.w.org\/{rel}","templated":true}]}}