{"id":71384,"date":"2016-05-01T22:06:34","date_gmt":"2016-05-01T19:06:34","guid":{"rendered":"http:\/\/www.sana.sy\/tr\/?p=71384"},"modified":"2016-05-02T15:41:53","modified_gmt":"2016-05-02T12:41:53","slug":"sam-kirsali-kultur-sanat-ve-folklor-festivali-faaliyetlerine-basladi-video","status":"publish","type":"post","link":"https:\/\/archive.sana.sy\/tr\/?p=71384","title":{"rendered":"\u015eam K\u0131rsal\u0131 K\u00fclt\u00fcr Sanat ve Folklor Festivali Faaliyetlerine Ba\u015flad\u0131 (video)"},"content":{"rendered":"<p>\u015eAM KIRSALI \u2013 K\u00fclt\u00fcr Bakanl\u0131\u011f\u0131n\u0131n \u015eam \u00c7evre Kent K\u00fclt\u00fcr M\u00fcd\u00fcrl\u00fc\u011f\u00fc ile i\u015fbirli\u011fi i\u00e7erisinde Ceremana\u2019da \u201cEl Ele Yeni Umutlar Yarat\u0131yoruz\u201d \u015fiar\u0131 alt\u0131nda d\u00fczenledi\u011fi \u015eam K\u0131rsal\u0131 K\u00fclt\u00fcr Sanat ve Folklor Festivali faaliyetlerine ba\u015flad\u0131.<\/p>\n<p>Sanatsal sunumlar, \u00e7i\u00e7ek fuar\u0131, el i\u015fi sanatlar\u0131 sergisi, geleneksel sanayi \u00fcr\u00fcnleri sergisi, giyim ve yemek sergileri gibi bir\u00e7ok faaliyetin bir arada d\u00fczenlendi\u011fi festival 1 hafta boyunca ziyaret\u00e7ilerini ne\u015fe ve mutlulukla a\u011f\u0131rl\u0131yor.<\/p>\n<p>Festivalin a\u00e7\u0131l\u0131\u015f konu\u015fmas\u0131n\u0131 yapan \u015eam \u00c7evre Kent K\u00fclt\u00fcr M\u00fcd\u00fcr\u00fc Leyla Saab, festivalin Suriyelilerin ya\u015fam iradesini yans\u0131tt\u0131\u011f\u0131na i\u015faret ederek vatan\u0131n ve insanl\u0131\u011f\u0131n maruz kald\u0131\u011f\u0131 b\u00fct\u00fcn sald\u0131r\u0131 ve zul\u00fcmlere ra\u011fmen Suriyelilerin ya\u015famlar\u0131n\u0131 yarat\u0131c\u0131l\u0131k ve \u00f6zveriyle s\u00fcrd\u00fcrd\u00fcklerini belirtti.<\/p>\n<p>Yap\u0131lan a\u00e7\u0131klamalarda festivalin her ya\u015f grubu ve kesime hitap edecek y\u00f6nleri bulundu\u011funa dikkat \u00e7ekilerek bu y\u0131l birincisi d\u00fczenlenen \u015eam K\u0131rsal\u0131 K\u00fclt\u00fcr Sanat ve Folklor Festivalinin her y\u0131l d\u00fczenlenmesinin planland\u0131\u011f\u0131 belirtildi.<\/p>\n<p>https:\/\/www.youtube.com\/watch?v=qshDyUKyrxs<\/p>\n<div id='gallery-1' class='gallery galleryid-71384 gallery-columns-3 gallery-size-thumbnail'><figure class='gallery-item'>\n\t\t\t<div class='gallery-icon landscape'>\n\t\t\t\t<a href='https:\/\/archive.sana.sy\/tr\/wp-content\/uploads\/2016\/05\/2-2.jpg'><img loading=\"lazy\" decoding=\"async\" width=\"150\" height=\"105\" src=\"https:\/\/archive.sana.sy\/tr\/wp-content\/uploads\/2016\/05\/2-2-150x105.jpg\" class=\"attachment-thumbnail size-thumbnail\" alt=\"\" srcset=\"https:\/\/archive.sana.sy\/tr\/wp-content\/uploads\/2016\/05\/2-2-150x105.jpg 150w, https:\/\/archive.sana.sy\/tr\/wp-content\/uploads\/2016\/05\/2-2-300x209.jpg 300w, https:\/\/archive.sana.sy\/tr\/wp-content\/uploads\/2016\/05\/2-2.jpg 500w\" sizes=\"auto, (max-width: 150px) 100vw, 150px\" \/><\/a>\n\t\t\t<\/div><\/figure><figure class='gallery-item'>\n\t\t\t<div class='gallery-icon landscape'>\n\t\t\t\t<a href='https:\/\/archive.sana.sy\/tr\/wp-content\/uploads\/2016\/05\/3-2.jpg'><img loading=\"lazy\" decoding=\"async\" width=\"150\" height=\"100\" src=\"https:\/\/archive.sana.sy\/tr\/wp-content\/uploads\/2016\/05\/3-2-150x100.jpg\" class=\"attachment-thumbnail size-thumbnail\" alt=\"\" srcset=\"https:\/\/archive.sana.sy\/tr\/wp-content\/uploads\/2016\/05\/3-2-150x100.jpg 150w, https:\/\/archive.sana.sy\/tr\/wp-content\/uploads\/2016\/05\/3-2-300x199.jpg 300w, https:\/\/archive.sana.sy\/tr\/wp-content\/uploads\/2016\/05\/3-2-310x205.jpg 310w, https:\/\/archive.sana.sy\/tr\/wp-content\/uploads\/2016\/05\/3-2.jpg 500w\" sizes=\"auto, (max-width: 150px) 100vw, 150px\" \/><\/a>\n\t\t\t<\/div><\/figure><figure class='gallery-item'>\n\t\t\t<div class='gallery-icon landscape'>\n\t\t\t\t<a href='https:\/\/archive.sana.sy\/tr\/wp-content\/uploads\/2016\/05\/4-2.jpg'><img loading=\"lazy\" decoding=\"async\" width=\"150\" height=\"101\" src=\"https:\/\/archive.sana.sy\/tr\/wp-content\/uploads\/2016\/05\/4-2-150x101.jpg\" class=\"attachment-thumbnail size-thumbnail\" alt=\"\" srcset=\"https:\/\/archive.sana.sy\/tr\/wp-content\/uploads\/2016\/05\/4-2-150x101.jpg 150w, https:\/\/archive.sana.sy\/tr\/wp-content\/uploads\/2016\/05\/4-2-300x203.jpg 300w, https:\/\/archive.sana.sy\/tr\/wp-content\/uploads\/2016\/05\/4-2-110x75.jpg 110w, https:\/\/archive.sana.sy\/tr\/wp-content\/uploads\/2016\/05\/4-2.jpg 500w\" sizes=\"auto, (max-width: 150px) 100vw, 150px\" \/><\/a>\n\t\t\t<\/div><\/figure><figure class='gallery-item'>\n\t\t\t<div class='gallery-icon landscape'>\n\t\t\t\t<a href='https:\/\/archive.sana.sy\/tr\/wp-content\/uploads\/2016\/05\/5-2.jpg'><img loading=\"lazy\" decoding=\"async\" width=\"150\" height=\"100\" src=\"https:\/\/archive.sana.sy\/tr\/wp-content\/uploads\/2016\/05\/5-2-150x100.jpg\" class=\"attachment-thumbnail size-thumbnail\" alt=\"\" srcset=\"https:\/\/archive.sana.sy\/tr\/wp-content\/uploads\/2016\/05\/5-2-150x100.jpg 150w, https:\/\/archive.sana.sy\/tr\/wp-content\/uploads\/2016\/05\/5-2-300x199.jpg 300w, https:\/\/archive.sana.sy\/tr\/wp-content\/uploads\/2016\/05\/5-2-310x205.jpg 310w, https:\/\/archive.sana.sy\/tr\/wp-content\/uploads\/2016\/05\/5-2.jpg 500w\" sizes=\"auto, (max-width: 150px) 100vw, 150px\" \/><\/a>\n\t\t\t<\/div><\/figure><figure class='gallery-item'>\n\t\t\t<div class='gallery-icon landscape'>\n\t\t\t\t<a href='https:\/\/archive.sana.sy\/tr\/wp-content\/uploads\/2016\/05\/6-2.jpg'><img loading=\"lazy\" decoding=\"async\" width=\"150\" height=\"100\" src=\"https:\/\/archive.sana.sy\/tr\/wp-content\/uploads\/2016\/05\/6-2-150x100.jpg\" class=\"attachment-thumbnail size-thumbnail\" alt=\"\" srcset=\"https:\/\/archive.sana.sy\/tr\/wp-content\/uploads\/2016\/05\/6-2-150x100.jpg 150w, https:\/\/archive.sana.sy\/tr\/wp-content\/uploads\/2016\/05\/6-2-300x199.jpg 300w, https:\/\/archive.sana.sy\/tr\/wp-content\/uploads\/2016\/05\/6-2-310x205.jpg 310w, https:\/\/archive.sana.sy\/tr\/wp-content\/uploads\/2016\/05\/6-2.jpg 500w\" sizes=\"auto, (max-width: 150px) 100vw, 150px\" \/><\/a>\n\t\t\t<\/div><\/figure><figure class='gallery-item'>\n\t\t\t<div class='gallery-icon landscape'>\n\t\t\t\t<a href='https:\/\/archive.sana.sy\/tr\/wp-content\/uploads\/2016\/05\/7-2.jpg'><img loading=\"lazy\" decoding=\"async\" width=\"150\" height=\"99\" src=\"https:\/\/archive.sana.sy\/tr\/wp-content\/uploads\/2016\/05\/7-2-150x99.jpg\" class=\"attachment-thumbnail size-thumbnail\" alt=\"\" srcset=\"https:\/\/archive.sana.sy\/tr\/wp-content\/uploads\/2016\/05\/7-2-150x99.jpg 150w, https:\/\/archive.sana.sy\/tr\/wp-content\/uploads\/2016\/05\/7-2-300x198.jpg 300w, https:\/\/archive.sana.sy\/tr\/wp-content\/uploads\/2016\/05\/7-2-310x205.jpg 310w, https:\/\/archive.sana.sy\/tr\/wp-content\/uploads\/2016\/05\/7-2.jpg 500w\" sizes=\"auto, (max-width: 150px) 100vw, 150px\" \/><\/a>\n\t\t\t<\/div><\/figure>\n\t\t<\/div>\n\n","protected":false},"excerpt":{"rendered":"<p>\u015eAM KIRSALI \u2013 K\u00fclt\u00fcr Bakanl\u0131\u011f\u0131n\u0131n \u015eam \u00c7evre Kent K\u00fclt\u00fcr M\u00fcd\u00fcrl\u00fc\u011f\u00fc ile i\u015fbirli\u011fi i\u00e7erisinde Ceremana\u2019da \u201cEl Ele Yeni Umutlar Yarat\u0131yoruz\u201d \u015fiar\u0131 alt\u0131nda d\u00fczenledi\u011fi \u015eam K\u0131rsal\u0131 K\u00fclt\u00fcr Sanat ve Folklor Festivali faaliyetlerine ba\u015flad\u0131. Sanatsal sunumlar, \u00e7i\u00e7ek fuar\u0131, el i\u015fi sanatlar\u0131 sergisi, geleneksel sanayi \u00fcr\u00fcnleri sergisi, giyim ve yemek sergileri gibi bir\u00e7ok faaliyetin bir arada d\u00fczenlendi\u011fi festival 1 &hellip;<\/p>\n","protected":false},"author":1,"featured_media":71385,"comment_status":"closed","ping_status":"closed","sticky":false,"template":"","format":"standard","meta":{"footnotes":""},"categories":[516,479,511,17988,478],"tags":[20860,20859],"class_list":["post-71384","post","type-post","status-publish","format-standard","has-post-thumbnail","","category-haberler-kultur-ve-sanat","category-haberler-yerel","category-kultur-ve-sanat","category-son-haberler","category-yerel","tag-sam-kirsali-kultur-sanat-ve-folklor-festivali","tag-sam-kirsali-kultur-sanat-ve-folklor-festivali-faaliyetlerine-basladi"],"_links":{"self":[{"href":"https:\/\/archive.sana.sy\/tr\/index.php?rest_route=\/wp\/v2\/posts\/71384","targetHints":{"allow":["GET"]}}],"collection":[{"href":"https:\/\/archive.sana.sy\/tr\/index.php?rest_route=\/wp\/v2\/posts"}],"about":[{"href":"https:\/\/archive.sana.sy\/tr\/index.php?rest_route=\/wp\/v2\/types\/post"}],"author":[{"embeddable":true,"href":"https:\/\/archive.sana.sy\/tr\/index.php?rest_route=\/wp\/v2\/users\/1"}],"replies":[{"embeddable":true,"href":"https:\/\/archive.sana.sy\/tr\/index.php?rest_route=%2Fwp%2Fv2%2Fcomments&post=71384"}],"version-history":[{"count":0,"href":"https:\/\/archive.sana.sy\/tr\/index.php?rest_route=\/wp\/v2\/posts\/71384\/revisions"}],"wp:featuredmedia":[{"embeddable":true,"href":"https:\/\/archive.sana.sy\/tr\/index.php?rest_route=\/wp\/v2\/media\/71385"}],"wp:attachment":[{"href":"https:\/\/archive.sana.sy\/tr\/index.php?rest_route=%2Fwp%2Fv2%2Fmedia&parent=71384"}],"wp:term":[{"taxonomy":"category","embeddable":true,"href":"https:\/\/archive.sana.sy\/tr\/index.php?rest_route=%2Fwp%2Fv2%2Fcategories&post=71384"},{"taxonomy":"post_tag","embeddable":true,"href":"https:\/\/archive.sana.sy\/tr\/index.php?rest_route=%2Fwp%2Fv2%2Ftags&post=71384"}],"curies":[{"name":"wp","href":"https:\/\/api.w.org\/{rel}","templated":true}]}}