{"id":71396,"date":"2016-05-02T15:35:17","date_gmt":"2016-05-02T12:35:17","guid":{"rendered":"http:\/\/www.sana.sy\/tr\/?p=71396"},"modified":"2016-05-03T11:47:22","modified_gmt":"2016-05-03T08:47:22","slug":"suriyede-uretilmistir-festivali-lazkiyede-basladi","status":"publish","type":"post","link":"https:\/\/archive.sana.sy\/tr\/?p=71396","title":{"rendered":"Suriye&#8217;de \u00dcretilmi\u015ftir Festivali Lazkiye\u2019de Ba\u015flad\u0131"},"content":{"rendered":"<p>LAZK\u0130YE \u2013 \u015eam ve \u015eam K\u0131rsal\u0131 Sanayi Odas\u0131n\u0131n \u2018Suriye&#8217;de \u00dcretilmi\u015ftir\u2019 slogan\u0131 alt\u0131nda organize ettikleri Ayl\u0131k Al\u0131\u015fveri\u015f Festivalinin 3. Devresi Lazkiye Kentindeki Ulusal M\u00fczede faaliyetlerine ba\u015flad\u0131.<\/p>\n<p>Kimya, m\u00fchendislik, tekstil ve g\u0131da alanlar\u0131nda uzman 75 \u015firketin kat\u0131ld\u0131\u011f\u0131 festival etkinlikleri her ay farkl\u0131 b\u00f6lgede d\u00fczenlenmesiyle halk\u0131n b\u00fcy\u00fck ilgisini ta\u015f\u0131yor. Bir yandan \u00fcretici \u015firketlere yerel Pazar temin eden festival, di\u011fer yandan da vatanda\u015flar\u0131n muhtelif t\u00fcr ihtiya\u00e7lar\u0131n\u0131 uygun kalitede ve fiyatlarla temin etmelerini garantiliyor.<\/p>\n<div id='gallery-1' class='gallery galleryid-71396 gallery-columns-2 gallery-size-thumbnail'><figure class='gallery-item'>\n\t\t\t<div class='gallery-icon landscape'>\n\t\t\t\t<a href='https:\/\/archive.sana.sy\/tr\/wp-content\/uploads\/2016\/05\/2-3.jpg'><img loading=\"lazy\" decoding=\"async\" width=\"150\" height=\"94\" src=\"https:\/\/archive.sana.sy\/tr\/wp-content\/uploads\/2016\/05\/2-3-150x94.jpg\" class=\"attachment-thumbnail size-thumbnail\" alt=\"\" srcset=\"https:\/\/archive.sana.sy\/tr\/wp-content\/uploads\/2016\/05\/2-3-150x94.jpg 150w, https:\/\/archive.sana.sy\/tr\/wp-content\/uploads\/2016\/05\/2-3-300x188.jpg 300w, https:\/\/archive.sana.sy\/tr\/wp-content\/uploads\/2016\/05\/2-3-768x482.jpg 768w, https:\/\/archive.sana.sy\/tr\/wp-content\/uploads\/2016\/05\/2-3-1024x643.jpg 1024w, https:\/\/archive.sana.sy\/tr\/wp-content\/uploads\/2016\/05\/2-3.jpg 2016w\" sizes=\"auto, (max-width: 150px) 100vw, 150px\" \/><\/a>\n\t\t\t<\/div><\/figure><figure class='gallery-item'>\n\t\t\t<div class='gallery-icon landscape'>\n\t\t\t\t<a href='https:\/\/archive.sana.sy\/tr\/wp-content\/uploads\/2016\/05\/3-3.jpg'><img loading=\"lazy\" decoding=\"async\" width=\"150\" height=\"97\" src=\"https:\/\/archive.sana.sy\/tr\/wp-content\/uploads\/2016\/05\/3-3-150x97.jpg\" class=\"attachment-thumbnail size-thumbnail\" alt=\"\" srcset=\"https:\/\/archive.sana.sy\/tr\/wp-content\/uploads\/2016\/05\/3-3-150x97.jpg 150w, https:\/\/archive.sana.sy\/tr\/wp-content\/uploads\/2016\/05\/3-3-300x194.jpg 300w, https:\/\/archive.sana.sy\/tr\/wp-content\/uploads\/2016\/05\/3-3-768x496.jpg 768w, https:\/\/archive.sana.sy\/tr\/wp-content\/uploads\/2016\/05\/3-3-1024x661.jpg 1024w, https:\/\/archive.sana.sy\/tr\/wp-content\/uploads\/2016\/05\/3-3.jpg 2016w\" sizes=\"auto, (max-width: 150px) 100vw, 150px\" \/><\/a>\n\t\t\t<\/div><\/figure><figure class='gallery-item'>\n\t\t\t<div class='gallery-icon landscape'>\n\t\t\t\t<a href='https:\/\/archive.sana.sy\/tr\/wp-content\/uploads\/2016\/05\/4-3.jpg'><img loading=\"lazy\" decoding=\"async\" width=\"150\" height=\"104\" src=\"https:\/\/archive.sana.sy\/tr\/wp-content\/uploads\/2016\/05\/4-3-150x104.jpg\" class=\"attachment-thumbnail size-thumbnail\" alt=\"\" srcset=\"https:\/\/archive.sana.sy\/tr\/wp-content\/uploads\/2016\/05\/4-3-150x104.jpg 150w, https:\/\/archive.sana.sy\/tr\/wp-content\/uploads\/2016\/05\/4-3-300x208.jpg 300w, https:\/\/archive.sana.sy\/tr\/wp-content\/uploads\/2016\/05\/4-3-768x533.jpg 768w, https:\/\/archive.sana.sy\/tr\/wp-content\/uploads\/2016\/05\/4-3-1024x710.jpg 1024w, https:\/\/archive.sana.sy\/tr\/wp-content\/uploads\/2016\/05\/4-3-110x75.jpg 110w, https:\/\/archive.sana.sy\/tr\/wp-content\/uploads\/2016\/05\/4-3.jpg 2016w\" sizes=\"auto, (max-width: 150px) 100vw, 150px\" \/><\/a>\n\t\t\t<\/div><\/figure><figure class='gallery-item'>\n\t\t\t<div class='gallery-icon landscape'>\n\t\t\t\t<a href='https:\/\/archive.sana.sy\/tr\/wp-content\/uploads\/2016\/05\/5-3.jpg'><img loading=\"lazy\" decoding=\"async\" width=\"150\" height=\"98\" src=\"https:\/\/archive.sana.sy\/tr\/wp-content\/uploads\/2016\/05\/5-3-150x98.jpg\" class=\"attachment-thumbnail size-thumbnail\" alt=\"\" srcset=\"https:\/\/archive.sana.sy\/tr\/wp-content\/uploads\/2016\/05\/5-3-150x98.jpg 150w, https:\/\/archive.sana.sy\/tr\/wp-content\/uploads\/2016\/05\/5-3-300x196.jpg 300w, https:\/\/archive.sana.sy\/tr\/wp-content\/uploads\/2016\/05\/5-3-768x501.jpg 768w, https:\/\/archive.sana.sy\/tr\/wp-content\/uploads\/2016\/05\/5-3-1024x667.jpg 1024w, https:\/\/archive.sana.sy\/tr\/wp-content\/uploads\/2016\/05\/5-3-310x205.jpg 310w, https:\/\/archive.sana.sy\/tr\/wp-content\/uploads\/2016\/05\/5-3.jpg 2016w\" sizes=\"auto, (max-width: 150px) 100vw, 150px\" \/><\/a>\n\t\t\t<\/div><\/figure>\n\t\t<\/div>\n\n","protected":false},"excerpt":{"rendered":"<p>LAZK\u0130YE \u2013 \u015eam ve \u015eam K\u0131rsal\u0131 Sanayi Odas\u0131n\u0131n \u2018Suriye&#8217;de \u00dcretilmi\u015ftir\u2019 slogan\u0131 alt\u0131nda organize ettikleri Ayl\u0131k Al\u0131\u015fveri\u015f Festivalinin 3. Devresi Lazkiye Kentindeki Ulusal M\u00fczede faaliyetlerine ba\u015flad\u0131. Kimya, m\u00fchendislik, tekstil ve g\u0131da alanlar\u0131nda uzman 75 \u015firketin kat\u0131ld\u0131\u011f\u0131 festival etkinlikleri her ay farkl\u0131 b\u00f6lgede d\u00fczenlenmesiyle halk\u0131n b\u00fcy\u00fck ilgisini ta\u015f\u0131yor. Bir yandan \u00fcretici \u015firketlere yerel Pazar temin eden festival, &hellip;<\/p>\n","protected":false},"author":1,"featured_media":71403,"comment_status":"closed","ping_status":"closed","sticky":false,"template":"","format":"standard","meta":{"footnotes":""},"categories":[485,486,17988],"tags":[20863],"class_list":["post-71396","post","type-post","status-publish","format-standard","has-post-thumbnail","","category-is-ve-sermaye","category-haberler-is-ve-sermaye","category-son-haberler","tag-suriyede-uretilmistir-festivali-lazkiyede-basladi"],"_links":{"self":[{"href":"https:\/\/archive.sana.sy\/tr\/index.php?rest_route=\/wp\/v2\/posts\/71396","targetHints":{"allow":["GET"]}}],"collection":[{"href":"https:\/\/archive.sana.sy\/tr\/index.php?rest_route=\/wp\/v2\/posts"}],"about":[{"href":"https:\/\/archive.sana.sy\/tr\/index.php?rest_route=\/wp\/v2\/types\/post"}],"author":[{"embeddable":true,"href":"https:\/\/archive.sana.sy\/tr\/index.php?rest_route=\/wp\/v2\/users\/1"}],"replies":[{"embeddable":true,"href":"https:\/\/archive.sana.sy\/tr\/index.php?rest_route=%2Fwp%2Fv2%2Fcomments&post=71396"}],"version-history":[{"count":0,"href":"https:\/\/archive.sana.sy\/tr\/index.php?rest_route=\/wp\/v2\/posts\/71396\/revisions"}],"wp:featuredmedia":[{"embeddable":true,"href":"https:\/\/archive.sana.sy\/tr\/index.php?rest_route=\/wp\/v2\/media\/71403"}],"wp:attachment":[{"href":"https:\/\/archive.sana.sy\/tr\/index.php?rest_route=%2Fwp%2Fv2%2Fmedia&parent=71396"}],"wp:term":[{"taxonomy":"category","embeddable":true,"href":"https:\/\/archive.sana.sy\/tr\/index.php?rest_route=%2Fwp%2Fv2%2Fcategories&post=71396"},{"taxonomy":"post_tag","embeddable":true,"href":"https:\/\/archive.sana.sy\/tr\/index.php?rest_route=%2Fwp%2Fv2%2Ftags&post=71396"}],"curies":[{"name":"wp","href":"https:\/\/api.w.org\/{rel}","templated":true}]}}