{"id":71410,"date":"2016-05-02T15:44:28","date_gmt":"2016-05-02T12:44:28","guid":{"rendered":"http:\/\/www.sana.sy\/tr\/?p=71410"},"modified":"2016-05-03T15:24:55","modified_gmt":"2016-05-03T12:24:55","slug":"sporcular-kanlarini-yarali-askerler-ve-halep-ahalisine-bagisladilar","status":"publish","type":"post","link":"https:\/\/archive.sana.sy\/tr\/?p=71410","title":{"rendered":"Sporcular Kanlar\u0131n\u0131 Yaral\u0131 Askerler ve Halep Ahalisine Ba\u011f\u0131\u015flad\u0131lar (video)"},"content":{"rendered":"<p>\u015eAM \u2013 Spor Genel Federasyonu bug\u00fcn \u015eam\u2019\u0131n Mezze Semtindeki Kan Bankas\u0131nda ulusal egemenlik ve halk\u0131n onurunu y\u00fcksek bir duyarl\u0131l\u0131kla savunurken yaral\u0131 d\u00fc\u015fen askerler ve Halep\u2019te d\u0131\u015f destekli ter\u00f6ristlerin geli\u015fig\u00fczel f\u00fcze sald\u0131r\u0131lar\u0131nda yaral\u0131 d\u00fc\u015fen sivil vatanda\u015flar\u0131m\u0131z i\u00e7in kan ba\u011f\u0131\u015f\u0131 kampanyas\u0131 d\u00fczenledi.<\/p>\n<p>Kan ba\u011f\u0131\u015f\u0131 kampanyas\u0131na kat\u0131lan Federasyon Ba\u015fkan\u0131 Muvaffak Cuma; vatan topraklar\u0131n\u0131n her kar\u0131\u015f topra\u011f\u0131nda Suriye&#8217;nin egemenli\u011fiyle birlikte halk\u0131n\u0131n can ve mal g\u00fcvenli\u011fini, onur ve kerametlerini e\u015fsiz bir \u00f6zveri ve duyarl\u0131l\u0131kla savunan askerlerimize kan ba\u011f\u0131\u015flaman\u0131n doyumsuz bir gurur verdi\u011fini ifade etti.<\/p>\n<p>Suriye \u00d6zel Olimpiyatlar M\u00fcd\u00fcr\u00fc Tarif Kotra\u015f, Suriye ordusu gibi bir orya kan ba\u011f\u0131\u015flaman\u0131n ter\u00f6r ve tekfircili\u011fine kar\u015f\u0131 olan her insan i\u00e7in gurur kayna\u011f\u0131 te\u015fkil etti\u011fini ifade etti.<\/p>\n<p>https:\/\/youtu.be\/3N1KETccLyA<\/p>\n<div id='gallery-1' class='gallery galleryid-71410 gallery-columns-3 gallery-size-thumbnail'><figure class='gallery-item'>\n\t\t\t<div class='gallery-icon landscape'>\n\t\t\t\t<a href='https:\/\/archive.sana.sy\/tr\/wp-content\/uploads\/2016\/05\/2-4.jpg'><img loading=\"lazy\" decoding=\"async\" width=\"150\" height=\"99\" src=\"https:\/\/archive.sana.sy\/tr\/wp-content\/uploads\/2016\/05\/2-4-150x99.jpg\" class=\"attachment-thumbnail size-thumbnail\" alt=\"\" srcset=\"https:\/\/archive.sana.sy\/tr\/wp-content\/uploads\/2016\/05\/2-4-150x99.jpg 150w, https:\/\/archive.sana.sy\/tr\/wp-content\/uploads\/2016\/05\/2-4-300x198.jpg 300w, https:\/\/archive.sana.sy\/tr\/wp-content\/uploads\/2016\/05\/2-4-768x507.jpg 768w, https:\/\/archive.sana.sy\/tr\/wp-content\/uploads\/2016\/05\/2-4-1024x675.jpg 1024w, https:\/\/archive.sana.sy\/tr\/wp-content\/uploads\/2016\/05\/2-4-310x205.jpg 310w\" sizes=\"auto, (max-width: 150px) 100vw, 150px\" \/><\/a>\n\t\t\t<\/div><\/figure><figure class='gallery-item'>\n\t\t\t<div class='gallery-icon landscape'>\n\t\t\t\t<a href='https:\/\/archive.sana.sy\/tr\/wp-content\/uploads\/2016\/05\/3-4.jpg'><img loading=\"lazy\" decoding=\"async\" width=\"150\" height=\"105\" src=\"https:\/\/archive.sana.sy\/tr\/wp-content\/uploads\/2016\/05\/3-4-150x105.jpg\" class=\"attachment-thumbnail size-thumbnail\" alt=\"\" srcset=\"https:\/\/archive.sana.sy\/tr\/wp-content\/uploads\/2016\/05\/3-4-150x105.jpg 150w, https:\/\/archive.sana.sy\/tr\/wp-content\/uploads\/2016\/05\/3-4-300x210.jpg 300w, https:\/\/archive.sana.sy\/tr\/wp-content\/uploads\/2016\/05\/3-4-768x538.jpg 768w, https:\/\/archive.sana.sy\/tr\/wp-content\/uploads\/2016\/05\/3-4-1024x717.jpg 1024w\" sizes=\"auto, (max-width: 150px) 100vw, 150px\" \/><\/a>\n\t\t\t<\/div><\/figure><figure class='gallery-item'>\n\t\t\t<div class='gallery-icon landscape'>\n\t\t\t\t<a href='https:\/\/archive.sana.sy\/tr\/wp-content\/uploads\/2016\/05\/4-4.jpg'><img loading=\"lazy\" decoding=\"async\" width=\"150\" height=\"109\" src=\"https:\/\/archive.sana.sy\/tr\/wp-content\/uploads\/2016\/05\/4-4-150x109.jpg\" class=\"attachment-thumbnail size-thumbnail\" alt=\"\" srcset=\"https:\/\/archive.sana.sy\/tr\/wp-content\/uploads\/2016\/05\/4-4-150x109.jpg 150w, https:\/\/archive.sana.sy\/tr\/wp-content\/uploads\/2016\/05\/4-4-300x218.jpg 300w, https:\/\/archive.sana.sy\/tr\/wp-content\/uploads\/2016\/05\/4-4-768x559.jpg 768w, https:\/\/archive.sana.sy\/tr\/wp-content\/uploads\/2016\/05\/4-4-1024x745.jpg 1024w\" sizes=\"auto, (max-width: 150px) 100vw, 150px\" \/><\/a>\n\t\t\t<\/div><\/figure><figure class='gallery-item'>\n\t\t\t<div class='gallery-icon landscape'>\n\t\t\t\t<a href='https:\/\/archive.sana.sy\/tr\/wp-content\/uploads\/2016\/05\/5-4.jpg'><img loading=\"lazy\" decoding=\"async\" width=\"150\" height=\"97\" src=\"https:\/\/archive.sana.sy\/tr\/wp-content\/uploads\/2016\/05\/5-4-150x97.jpg\" class=\"attachment-thumbnail size-thumbnail\" alt=\"\" srcset=\"https:\/\/archive.sana.sy\/tr\/wp-content\/uploads\/2016\/05\/5-4-150x97.jpg 150w, https:\/\/archive.sana.sy\/tr\/wp-content\/uploads\/2016\/05\/5-4-300x194.jpg 300w, https:\/\/archive.sana.sy\/tr\/wp-content\/uploads\/2016\/05\/5-4-768x497.jpg 768w, https:\/\/archive.sana.sy\/tr\/wp-content\/uploads\/2016\/05\/5-4-1024x663.jpg 1024w\" sizes=\"auto, (max-width: 150px) 100vw, 150px\" \/><\/a>\n\t\t\t<\/div><\/figure><figure class='gallery-item'>\n\t\t\t<div class='gallery-icon landscape'>\n\t\t\t\t<a href='https:\/\/archive.sana.sy\/tr\/wp-content\/uploads\/2016\/05\/6-3.jpg'><img loading=\"lazy\" decoding=\"async\" width=\"150\" height=\"96\" src=\"https:\/\/archive.sana.sy\/tr\/wp-content\/uploads\/2016\/05\/6-3-150x96.jpg\" class=\"attachment-thumbnail size-thumbnail\" alt=\"\" srcset=\"https:\/\/archive.sana.sy\/tr\/wp-content\/uploads\/2016\/05\/6-3-150x96.jpg 150w, https:\/\/archive.sana.sy\/tr\/wp-content\/uploads\/2016\/05\/6-3-300x191.jpg 300w, https:\/\/archive.sana.sy\/tr\/wp-content\/uploads\/2016\/05\/6-3-768x489.jpg 768w, https:\/\/archive.sana.sy\/tr\/wp-content\/uploads\/2016\/05\/6-3-1024x652.jpg 1024w\" sizes=\"auto, (max-width: 150px) 100vw, 150px\" \/><\/a>\n\t\t\t<\/div><\/figure><figure class='gallery-item'>\n\t\t\t<div class='gallery-icon landscape'>\n\t\t\t\t<a href='https:\/\/archive.sana.sy\/tr\/wp-content\/uploads\/2016\/05\/7-3.jpg'><img loading=\"lazy\" decoding=\"async\" width=\"150\" height=\"102\" src=\"https:\/\/archive.sana.sy\/tr\/wp-content\/uploads\/2016\/05\/7-3-150x102.jpg\" class=\"attachment-thumbnail size-thumbnail\" alt=\"\" srcset=\"https:\/\/archive.sana.sy\/tr\/wp-content\/uploads\/2016\/05\/7-3-150x102.jpg 150w, https:\/\/archive.sana.sy\/tr\/wp-content\/uploads\/2016\/05\/7-3-300x204.jpg 300w, https:\/\/archive.sana.sy\/tr\/wp-content\/uploads\/2016\/05\/7-3-768x523.jpg 768w, https:\/\/archive.sana.sy\/tr\/wp-content\/uploads\/2016\/05\/7-3-1024x697.jpg 1024w, https:\/\/archive.sana.sy\/tr\/wp-content\/uploads\/2016\/05\/7-3-110x75.jpg 110w\" sizes=\"auto, (max-width: 150px) 100vw, 150px\" \/><\/a>\n\t\t\t<\/div><\/figure>\n\t\t<\/div>\n\n","protected":false},"excerpt":{"rendered":"<p>\u015eAM \u2013 Spor Genel Federasyonu bug\u00fcn \u015eam\u2019\u0131n Mezze Semtindeki Kan Bankas\u0131nda ulusal egemenlik ve halk\u0131n onurunu y\u00fcksek bir duyarl\u0131l\u0131kla savunurken yaral\u0131 d\u00fc\u015fen askerler ve Halep\u2019te d\u0131\u015f destekli ter\u00f6ristlerin geli\u015fig\u00fczel f\u00fcze sald\u0131r\u0131lar\u0131nda yaral\u0131 d\u00fc\u015fen sivil vatanda\u015flar\u0131m\u0131z i\u00e7in kan ba\u011f\u0131\u015f\u0131 kampanyas\u0131 d\u00fczenledi. Kan ba\u011f\u0131\u015f\u0131 kampanyas\u0131na kat\u0131lan Federasyon Ba\u015fkan\u0131 Muvaffak Cuma; vatan topraklar\u0131n\u0131n her kar\u0131\u015f topra\u011f\u0131nda Suriye&#8217;nin egemenli\u011fiyle &hellip;<\/p>\n","protected":false},"author":1,"featured_media":71419,"comment_status":"closed","ping_status":"closed","sticky":false,"template":"","format":"standard","meta":{"footnotes":""},"categories":[479,17988,478],"tags":[20867,19814,20866,20864,20865,19969],"class_list":["post-71410","post","type-post","status-publish","format-standard","has-post-thumbnail","","category-haberler-yerel","category-son-haberler","category-yerel","tag-halep-ahalisi","tag-kan-bagisi","tag-sporcular-kan-basiginda-bulundu","tag-sporcular-kanlarini-yarali-askerler-ve-halep-ahalisine-bagisladilar","tag-suriye-sporculari","tag-yarali-askerler"],"_links":{"self":[{"href":"https:\/\/archive.sana.sy\/tr\/index.php?rest_route=\/wp\/v2\/posts\/71410","targetHints":{"allow":["GET"]}}],"collection":[{"href":"https:\/\/archive.sana.sy\/tr\/index.php?rest_route=\/wp\/v2\/posts"}],"about":[{"href":"https:\/\/archive.sana.sy\/tr\/index.php?rest_route=\/wp\/v2\/types\/post"}],"author":[{"embeddable":true,"href":"https:\/\/archive.sana.sy\/tr\/index.php?rest_route=\/wp\/v2\/users\/1"}],"replies":[{"embeddable":true,"href":"https:\/\/archive.sana.sy\/tr\/index.php?rest_route=%2Fwp%2Fv2%2Fcomments&post=71410"}],"version-history":[{"count":0,"href":"https:\/\/archive.sana.sy\/tr\/index.php?rest_route=\/wp\/v2\/posts\/71410\/revisions"}],"wp:featuredmedia":[{"embeddable":true,"href":"https:\/\/archive.sana.sy\/tr\/index.php?rest_route=\/wp\/v2\/media\/71419"}],"wp:attachment":[{"href":"https:\/\/archive.sana.sy\/tr\/index.php?rest_route=%2Fwp%2Fv2%2Fmedia&parent=71410"}],"wp:term":[{"taxonomy":"category","embeddable":true,"href":"https:\/\/archive.sana.sy\/tr\/index.php?rest_route=%2Fwp%2Fv2%2Fcategories&post=71410"},{"taxonomy":"post_tag","embeddable":true,"href":"https:\/\/archive.sana.sy\/tr\/index.php?rest_route=%2Fwp%2Fv2%2Ftags&post=71410"}],"curies":[{"name":"wp","href":"https:\/\/api.w.org\/{rel}","templated":true}]}}