{"id":71424,"date":"2016-05-02T16:44:47","date_gmt":"2016-05-02T13:44:47","guid":{"rendered":"http:\/\/www.sana.sy\/tr\/?p=71424"},"modified":"2016-05-03T11:46:37","modified_gmt":"2016-05-03T08:46:37","slug":"sure-48-saat-daha-uzatildi","status":"publish","type":"post","link":"https:\/\/archive.sana.sy\/tr\/?p=71424","title":{"rendered":"S\u00fcre 48 Saat Daha Uzat\u0131ld\u0131"},"content":{"rendered":"<p>\u015eAM \u2013 Ordu ve Silahl\u0131 Kuvvetler Genel Komutanl\u0131\u011f\u0131 olumlu sonu\u00e7lar\u0131n sa\u011flanmas\u0131yla \u015eam ve k\u0131rsal\u0131 Do\u011fu \u011euta\u2019da \u2018yat\u0131\u015ft\u0131rma durumunun\u2019 48 saat daha uzat\u0131ld\u0131\u011f\u0131n\u0131 ilan etti.<\/p>\n<p>Genel komutanl\u0131k Cuma g\u00fcn\u00fc; ter\u00f6r \u00f6rg\u00fctlere sivil b\u00f6lgelere geli\u015fig\u00fczel sald\u0131r\u0131 bahanesi vermemekle birlikte \u00e7at\u0131\u015fmalar\u0131 durdurma anla\u015fmas\u0131n\u0131n peki\u015ftirilmesi amac\u0131yla \u015eam ve k\u0131rsal\u0131 Do\u011fu \u011euta\u2019da 24 saat, Lazkiye k\u0131rsal\u0131n\u0131n kuzeyinde de 72 saat \u2018yat\u0131\u015ft\u0131rma durumu\u2019 ilan etmi\u015fti. Olumlu sonu\u00e7lar\u0131n sa\u011flanmas\u0131 ve Do\u011fu \u011euta\u2019da uzla\u015fma \u00e7abalar\u0131nda \u00f6nemli sonu\u00e7lar\u0131n kaydedilmesi ard\u0131ndan Genel Komutanl\u0131k d\u00fcn bu durumun 24 saat uzat\u0131ld\u0131\u011f\u0131n\u0131 ilan etmi\u015fti.<\/p>\n","protected":false},"excerpt":{"rendered":"<p>\u015eAM \u2013 Ordu ve Silahl\u0131 Kuvvetler Genel Komutanl\u0131\u011f\u0131 olumlu sonu\u00e7lar\u0131n sa\u011flanmas\u0131yla \u015eam ve k\u0131rsal\u0131 Do\u011fu \u011euta\u2019da \u2018yat\u0131\u015ft\u0131rma durumunun\u2019 48 saat daha uzat\u0131ld\u0131\u011f\u0131n\u0131 ilan etti. Genel komutanl\u0131k Cuma g\u00fcn\u00fc; ter\u00f6r \u00f6rg\u00fctlere sivil b\u00f6lgelere geli\u015fig\u00fczel sald\u0131r\u0131 bahanesi vermemekle birlikte \u00e7at\u0131\u015fmalar\u0131 durdurma anla\u015fmas\u0131n\u0131n peki\u015ftirilmesi amac\u0131yla \u015eam ve k\u0131rsal\u0131 Do\u011fu \u011euta\u2019da 24 saat, Lazkiye k\u0131rsal\u0131n\u0131n kuzeyinde de 72 saat &hellip;<\/p>\n","protected":false},"author":1,"featured_media":59800,"comment_status":"closed","ping_status":"closed","sticky":false,"template":"","format":"standard","meta":{"footnotes":""},"categories":[479,575,17988,478],"tags":[],"class_list":["post-71424","post","type-post","status-publish","format-standard","has-post-thumbnail","","category-haberler-yerel","category-olaylar-ve-gercekler","category-son-haberler","category-yerel"],"_links":{"self":[{"href":"https:\/\/archive.sana.sy\/tr\/index.php?rest_route=\/wp\/v2\/posts\/71424","targetHints":{"allow":["GET"]}}],"collection":[{"href":"https:\/\/archive.sana.sy\/tr\/index.php?rest_route=\/wp\/v2\/posts"}],"about":[{"href":"https:\/\/archive.sana.sy\/tr\/index.php?rest_route=\/wp\/v2\/types\/post"}],"author":[{"embeddable":true,"href":"https:\/\/archive.sana.sy\/tr\/index.php?rest_route=\/wp\/v2\/users\/1"}],"replies":[{"embeddable":true,"href":"https:\/\/archive.sana.sy\/tr\/index.php?rest_route=%2Fwp%2Fv2%2Fcomments&post=71424"}],"version-history":[{"count":0,"href":"https:\/\/archive.sana.sy\/tr\/index.php?rest_route=\/wp\/v2\/posts\/71424\/revisions"}],"wp:featuredmedia":[{"embeddable":true,"href":"https:\/\/archive.sana.sy\/tr\/index.php?rest_route=\/wp\/v2\/media\/59800"}],"wp:attachment":[{"href":"https:\/\/archive.sana.sy\/tr\/index.php?rest_route=%2Fwp%2Fv2%2Fmedia&parent=71424"}],"wp:term":[{"taxonomy":"category","embeddable":true,"href":"https:\/\/archive.sana.sy\/tr\/index.php?rest_route=%2Fwp%2Fv2%2Fcategories&post=71424"},{"taxonomy":"post_tag","embeddable":true,"href":"https:\/\/archive.sana.sy\/tr\/index.php?rest_route=%2Fwp%2Fv2%2Ftags&post=71424"}],"curies":[{"name":"wp","href":"https:\/\/api.w.org\/{rel}","templated":true}]}}