{"id":71429,"date":"2016-05-02T15:37:30","date_gmt":"2016-05-02T12:37:30","guid":{"rendered":"http:\/\/www.sana.sy\/tr\/?p=71429"},"modified":"2016-05-03T15:25:03","modified_gmt":"2016-05-03T12:25:03","slug":"suriyeliler-desteklenmelidir-mesaji-vermeye-geldik","status":"publish","type":"post","link":"https:\/\/archive.sana.sy\/tr\/?p=71429","title":{"rendered":"\u2018Suriyeliler Desteklenmelidir\u2019 Mesaj\u0131 Vermeye Geldik (video)"},"content":{"rendered":"<p>\u015eAM \u2013 \u0130talyan doktorlardan bir ekip bug\u00fcn \u015eam\u2019da \u00c7ocuk Kalp Cerrahisi Hastanesinin \u00e7ocuk hastalara verdi\u011fi hizmet kalitesini inceleme, karma\u015f\u0131k t\u0131bbi operasyonlara kat\u0131lma ve hastaneye t\u0131bbi te\u00e7hizatlar\u0131n temin edilmesine katk\u0131 sa\u011flama amac\u0131yla inceleme ziyaretinde bulundular.<\/p>\n<p>\u0130talyan \u00c7ocuk Kalbini Koruma Cemiyeti Ba\u015fkan\u0131 ve Milan Kentinde Sandhu Nato hastanesinde Kalp Cerrahisi B\u00f6l\u00fcm\u00fc Ba\u015fkan\u0131 Alessandro Frajula ba\u015fkanl\u0131\u011f\u0131ndaki \u0130talyan doktorlar hastanenin \u00e7ocuk hastalara verdi\u011fi hizmeti incelerken, Suriyeli doktorlar\u0131n ba\u015far\u0131lar\u0131n\u0131n takdire \u015fayan oldu\u011funu ifade etti.<\/p>\n<p><a href=\"http:\/\/www.sana.sy\/tr\/wp-content\/uploads\/2016\/05\/2-5.jpg\"><img loading=\"lazy\" decoding=\"async\" class=\"alignright wp-image-71432 size-medium\" src=\"http:\/\/www.sana.sy\/tr\/wp-content\/uploads\/2016\/05\/2-5-300x200.jpg\" alt=\"2\" width=\"300\" height=\"200\" srcset=\"https:\/\/archive.sana.sy\/tr\/wp-content\/uploads\/2016\/05\/2-5-300x200.jpg 300w, https:\/\/archive.sana.sy\/tr\/wp-content\/uploads\/2016\/05\/2-5-150x100.jpg 150w, https:\/\/archive.sana.sy\/tr\/wp-content\/uploads\/2016\/05\/2-5-768x511.jpg 768w, https:\/\/archive.sana.sy\/tr\/wp-content\/uploads\/2016\/05\/2-5-1024x681.jpg 1024w\" sizes=\"auto, (max-width: 300px) 100vw, 300px\" \/><\/a>Konuk heyet ba\u015fkan\u0131 Frajula SANA\u2019ya a\u00e7\u0131klamas\u0131nda; hastanede g\u00f6rd\u00fc\u011f\u00fc geli\u015fme ve ba\u015far\u0131lar\u0131 \u00f6verken, \u0130talyan doktorlar\u0131n hastanede bulunan ve durumu olduk\u00e7a karma\u015f\u0131k olan bir dizi \u00e7ocu\u011fun kalp ameliyat\u0131n\u0131 yapaca\u011f\u0131n\u0131 s\u00f6yledi.<\/p>\n<p>Frajula ziyaretlerinde bir dizi ama\u00e7 ta\u015f\u0131d\u0131klar\u0131n\u0131 ifade ederken bunlardan birinin \u0130talya ve t\u00fcm Avrupa devletlerine; Suriyelilerin ter\u00f6re kar\u015f\u0131 m\u00fccadele ettiklerini, ya\u015famlar\u0131n\u0131 ve kalk\u0131nma \u00e7abalar\u0131n\u0131 azimle s\u00fcrd\u00fcrd\u00fcklerini ifade eden bir mesaj vermek istediklerini a\u00e7\u0131klad\u0131. Suriye ve Suriyelilerin desteklenmeleri gere\u011fini vurgulamak istediklerini ifade eden Frajula; Suriye&#8217;de en k\u0131sa s\u00fcre i\u00e7inde g\u00fcvenlik ve istikrar\u0131n sa\u011flanmas\u0131 temennilerinde bulundu.<\/p>\n<p>Y\u00fcksek \u00d6\u011fretim Bakan\u0131 Muhammed Amir Mardini ise benzer bir a\u00e7\u0131klamada; hastanenin Suriyeli ve \u0130talyan ortak bir ekibin d\u00fc\u015f\u00fcnceleri \u00fczerine kuruldu\u011funa i\u015faret ederken, konuk doktorlar\u0131n ise bug\u00fcn merkezin mevcut ko\u015fullar i\u00e7inde \u00e7al\u0131\u015fma durumunu inceleme ve destekte bulunma ama\u00e7l\u0131 geldiklerini ifade etti.<\/p>\n<p>https:\/\/youtu.be\/ISwJODNP6vI<\/p>\n<p>R.H.<\/p>\n","protected":false},"excerpt":{"rendered":"<p>\u015eAM \u2013 \u0130talyan doktorlardan bir ekip bug\u00fcn \u015eam\u2019da \u00c7ocuk Kalp Cerrahisi Hastanesinin \u00e7ocuk hastalara verdi\u011fi hizmet kalitesini inceleme, karma\u015f\u0131k t\u0131bbi operasyonlara kat\u0131lma ve hastaneye t\u0131bbi te\u00e7hizatlar\u0131n temin edilmesine katk\u0131 sa\u011flama amac\u0131yla inceleme ziyaretinde bulundular. \u0130talyan \u00c7ocuk Kalbini Koruma Cemiyeti Ba\u015fkan\u0131 ve Milan Kentinde Sandhu Nato hastanesinde Kalp Cerrahisi B\u00f6l\u00fcm\u00fc Ba\u015fkan\u0131 Alessandro Frajula ba\u015fkanl\u0131\u011f\u0131ndaki \u0130talyan doktorlar &hellip;<\/p>\n","protected":false},"author":1,"featured_media":71431,"comment_status":"closed","ping_status":"closed","sticky":false,"template":"","format":"standard","meta":{"footnotes":""},"categories":[479,17988,478],"tags":[20872,20871,20873],"class_list":["post-71429","post","type-post","status-publish","format-standard","has-post-thumbnail","","category-haberler-yerel","category-son-haberler","category-yerel","tag-cocuk-cerrahisi-merkezi","tag-italyan-doktorlar-ekibi","tag-kalp-cerrahisi-hastanesi"],"_links":{"self":[{"href":"https:\/\/archive.sana.sy\/tr\/index.php?rest_route=\/wp\/v2\/posts\/71429","targetHints":{"allow":["GET"]}}],"collection":[{"href":"https:\/\/archive.sana.sy\/tr\/index.php?rest_route=\/wp\/v2\/posts"}],"about":[{"href":"https:\/\/archive.sana.sy\/tr\/index.php?rest_route=\/wp\/v2\/types\/post"}],"author":[{"embeddable":true,"href":"https:\/\/archive.sana.sy\/tr\/index.php?rest_route=\/wp\/v2\/users\/1"}],"replies":[{"embeddable":true,"href":"https:\/\/archive.sana.sy\/tr\/index.php?rest_route=%2Fwp%2Fv2%2Fcomments&post=71429"}],"version-history":[{"count":0,"href":"https:\/\/archive.sana.sy\/tr\/index.php?rest_route=\/wp\/v2\/posts\/71429\/revisions"}],"wp:featuredmedia":[{"embeddable":true,"href":"https:\/\/archive.sana.sy\/tr\/index.php?rest_route=\/wp\/v2\/media\/71431"}],"wp:attachment":[{"href":"https:\/\/archive.sana.sy\/tr\/index.php?rest_route=%2Fwp%2Fv2%2Fmedia&parent=71429"}],"wp:term":[{"taxonomy":"category","embeddable":true,"href":"https:\/\/archive.sana.sy\/tr\/index.php?rest_route=%2Fwp%2Fv2%2Fcategories&post=71429"},{"taxonomy":"post_tag","embeddable":true,"href":"https:\/\/archive.sana.sy\/tr\/index.php?rest_route=%2Fwp%2Fv2%2Ftags&post=71429"}],"curies":[{"name":"wp","href":"https:\/\/api.w.org\/{rel}","templated":true}]}}