{"id":71436,"date":"2016-05-02T15:35:45","date_gmt":"2016-05-02T12:35:45","guid":{"rendered":"http:\/\/www.sana.sy\/tr\/?p=71436"},"modified":"2016-05-03T15:25:50","modified_gmt":"2016-05-03T12:25:50","slug":"halep-ahalisine-ilac-destegi-yapilacak","status":"publish","type":"post","link":"https:\/\/archive.sana.sy\/tr\/?p=71436","title":{"rendered":"Halep Ahalisine \u0130la\u00e7 Deste\u011fi Yap\u0131lacak"},"content":{"rendered":"<p>\u015eAM \u2013 Eczac\u0131lar Sendikas\u0131 Erdo\u011fan rejiminin destekledi\u011fi ter\u00f6ristler taraf\u0131ndan geli\u015fig\u00fczel f\u00fcze sald\u0131r\u0131lar\u0131na maruz kalan Halep Kenti ahalisine ila\u00e7 deste\u011finde bulunaca\u011f\u0131n\u0131 ilan etti.<\/p>\n<p>Sendika Ba\u015fkan\u0131 Mahmut el Hasan SANA\u2019ya a\u00e7\u0131klamas\u0131nda, ba\u015fta Erdo\u011fan ve Al Suud rejimlerinin destek ve talimatlar\u0131yla ter\u00f6r estiren \u00f6rg\u00fctlerin Halep Kentinin sivil yerle\u015fim alanlar\u0131na geli\u015fig\u00fczel sald\u0131r\u0131lar\u0131 sonucunda y\u00fczlerce vatanda\u015f\u0131n \u015fehit yaral\u0131 d\u00fc\u015fmeleriyle Halep Hastanelerine ila\u00e7 deste\u011finin yap\u0131laca\u011f\u0131n\u0131 duyurdu.<\/p>\n<p>Hasan sendikan\u0131n Suriye&#8217;de t\u00fcm ila\u00e7 \u015firketlerinden acil m\u00fcdahale ila\u00e7lar\u0131n\u0131n yan\u0131 s\u0131ra kronik hastal\u0131klar\u0131 i\u00e7in gerekli ila\u00e7lar\u0131 temin edip Eczac\u0131lar Sendikas\u0131n\u0131n Halep \u0130l \u015eubesiyle i\u015fbirli\u011fi i\u00e7inde Halep\u2019e g\u00f6nderilece\u011fini ifade etti.<\/p>\n<p>Ter\u00f6r ma\u011fdurlar\u0131na hastanelerden ald\u0131klar\u0131 re\u00e7eteler do\u011frultusunda \u00fccretsiz ila\u00e7 da\u011f\u0131t\u0131m\u0131 yap\u0131laca\u011f\u0131n\u0131 duyuran Hasan; sendikaya tabi ila\u00e7 bankas\u0131n\u0131n her g\u00fcn sabah saat 10:00\u2019dan ak\u015fam saat 22:00\u2019a dek ter\u00f6r ma\u011fdurlar\u0131n\u0131 kar\u015f\u0131lay\u0131p onlara ila\u00e7 temininde bulundu\u011funu s\u00f6yledi.<\/p>\n<p>Hasan ila\u00e7 bankas\u0131nda ter\u00f6r ma\u011fduru vatanda\u015flara t\u00fcm t\u0131bbi yard\u0131m, m\u00fcdahale ve ila\u00e7lar\u0131n \u00fccretsiz olarak temin edildi\u011fini belirtti.<\/p>\n","protected":false},"excerpt":{"rendered":"<p>\u015eAM \u2013 Eczac\u0131lar Sendikas\u0131 Erdo\u011fan rejiminin destekledi\u011fi ter\u00f6ristler taraf\u0131ndan geli\u015fig\u00fczel f\u00fcze sald\u0131r\u0131lar\u0131na maruz kalan Halep Kenti ahalisine ila\u00e7 deste\u011finde bulunaca\u011f\u0131n\u0131 ilan etti. Sendika Ba\u015fkan\u0131 Mahmut el Hasan SANA\u2019ya a\u00e7\u0131klamas\u0131nda, ba\u015fta Erdo\u011fan ve Al Suud rejimlerinin destek ve talimatlar\u0131yla ter\u00f6r estiren \u00f6rg\u00fctlerin Halep Kentinin sivil yerle\u015fim alanlar\u0131na geli\u015fig\u00fczel sald\u0131r\u0131lar\u0131 sonucunda y\u00fczlerce vatanda\u015f\u0131n \u015fehit yaral\u0131 d\u00fc\u015fmeleriyle Halep &hellip;<\/p>\n","protected":false},"author":1,"featured_media":71439,"comment_status":"closed","ping_status":"closed","sticky":false,"template":"","format":"standard","meta":{"footnotes":""},"categories":[479,17988,478],"tags":[20874,20875],"class_list":["post-71436","post","type-post","status-publish","format-standard","has-post-thumbnail","","category-haberler-yerel","category-son-haberler","category-yerel","tag-halep-ahalisine-ilac-yardimi","tag-halepte-teror-magdurlari"],"_links":{"self":[{"href":"https:\/\/archive.sana.sy\/tr\/index.php?rest_route=\/wp\/v2\/posts\/71436","targetHints":{"allow":["GET"]}}],"collection":[{"href":"https:\/\/archive.sana.sy\/tr\/index.php?rest_route=\/wp\/v2\/posts"}],"about":[{"href":"https:\/\/archive.sana.sy\/tr\/index.php?rest_route=\/wp\/v2\/types\/post"}],"author":[{"embeddable":true,"href":"https:\/\/archive.sana.sy\/tr\/index.php?rest_route=\/wp\/v2\/users\/1"}],"replies":[{"embeddable":true,"href":"https:\/\/archive.sana.sy\/tr\/index.php?rest_route=%2Fwp%2Fv2%2Fcomments&post=71436"}],"version-history":[{"count":0,"href":"https:\/\/archive.sana.sy\/tr\/index.php?rest_route=\/wp\/v2\/posts\/71436\/revisions"}],"wp:featuredmedia":[{"embeddable":true,"href":"https:\/\/archive.sana.sy\/tr\/index.php?rest_route=\/wp\/v2\/media\/71439"}],"wp:attachment":[{"href":"https:\/\/archive.sana.sy\/tr\/index.php?rest_route=%2Fwp%2Fv2%2Fmedia&parent=71436"}],"wp:term":[{"taxonomy":"category","embeddable":true,"href":"https:\/\/archive.sana.sy\/tr\/index.php?rest_route=%2Fwp%2Fv2%2Fcategories&post=71436"},{"taxonomy":"post_tag","embeddable":true,"href":"https:\/\/archive.sana.sy\/tr\/index.php?rest_route=%2Fwp%2Fv2%2Ftags&post=71436"}],"curies":[{"name":"wp","href":"https:\/\/api.w.org\/{rel}","templated":true}]}}