{"id":7144,"date":"2014-08-13T11:29:47","date_gmt":"2014-08-13T08:29:47","guid":{"rendered":"http:\/\/www.sana.sy\/tr\/?p=7144"},"modified":"2014-08-14T09:41:30","modified_gmt":"2014-08-14T06:41:30","slug":"teroristler-yine-sivilleri-hedef-aldi","status":"publish","type":"post","link":"https:\/\/archive.sana.sy\/tr\/?p=7144","title":{"rendered":"Ter\u00f6ristler Yine Sivilleri Hedef Ald\u0131"},"content":{"rendered":"<p>\u0130LLER \u2013 Ter\u00f6ristlerin Homs kenti el Zahraa Semtine f\u0131rlatt\u0131\u011f\u0131 roketlerle meydana gelen ter\u00f6r sald\u0131r\u0131s\u0131 sonucunda bir kad\u0131n yaraland\u0131.<\/p>\n<p>Homs Emniyet M\u00fcd\u00fcrl\u00fc\u011f\u00fcnde bir kaynak SANA muhabirine a\u00e7\u0131klamas\u0131nda, ter\u00f6ristlerin s\u00f6z konusu semte 3 roket f\u0131rlatmalar\u0131 sonucunda bir kad\u0131n vatanda\u015f\u0131n yaraland\u0131\u011f\u0131n\u0131 vatanda\u015flar\u0131n m\u00fclk ve evlerinde maddi zararlar\u0131n meydana geldi\u011fini s\u00f6yledi.<\/p>\n<p>Ayn\u0131 Semtte Temmuz ay\u0131n\u0131n 28\u2019inde de ter\u00f6ristlerin f\u0131rlatt\u0131\u011f\u0131 2 roket sonucunda 2 vatanda\u015f yaralanm\u0131\u015ft\u0131.<\/p>\n<p><span style=\"color: #0000ff\">Halep\u2019te 1 \u015eehit 9 Yaral\u0131<\/span><\/p>\n<p>\u00d6te yandan Halep Valili\u011finde bir kaynak ter\u00f6r gruplar\u0131n\u0131n bug\u00fcn Halep Kentinin Cmeyliye Semtini bir\u00e7ok havan mermisiyle hedef ald\u0131klar\u0131n\u0131 aktard\u0131.<\/p>\n<p>Kaynak hain sald\u0131r\u0131larda 1 vatanda\u015f\u0131n \u015fehit d\u00fc\u015ft\u00fc\u011f\u00fcn\u00fc ve 9 vatanda\u015f\u0131n yaraland\u0131\u011f\u0131n\u0131 aktar\u0131rken; vatanda\u015flar\u0131n m\u00fclklerinde maddi hasar olu\u015ftu\u011funu ekledi.<\/p>\n<p><span style=\"color: #0000ff\">\u015eam\u2019\u0131n R\u00fckneddin Semtine Ter\u00f6rist Havan Sald\u0131r\u0131s\u0131 Maddi Hasarlarla Sonu\u00e7land\u0131<\/span><\/p>\n<p>Ter\u00f6ristlerin d\u00fcn gece R\u00fckneddin Semtine f\u0131rlatt\u0131klar\u0131 havan mermileri masum sivil insanlar\u0131n evlerinin \u00fczerine d\u00fc\u015fmesi sonucunda ev ve olay yerinde bulunan ara\u00e7larda maddi hasarlara yol a\u00e7t\u0131.<\/p>\n<p>\u0130l Emniyet M\u00fcd\u00fcrl\u00fc\u011f\u00fcnde bir kaynak Sana muhabirine a\u00e7\u0131klamas\u0131nda, ter\u00f6ristlerin f\u0131rlatt\u0131\u011f\u0131 havan mermisinin \u0130bn-i Nefis F\u0131r\u0131nlar\u0131 yak\u0131n\u0131ndaki bir binada bir eve isabet etti\u011fini ev ve 2 ara\u00e7ta maddi hasarlara yol a\u00e7t\u0131\u011f\u0131n\u0131 s\u00f6yledi.<\/p>\n<p>Ter\u00f6ristler d\u00fcn ayr\u0131ca, Abbasiler, Amara ve Do\u011fu Ticaret Semtlerini havan mermileriykle hedef almas\u0131 sonucunda bir \u00e7ocu\u011fun \u015fehit d\u00fc\u015fmesine aralar\u0131nda bir k\u01319z \u00e7ocu\u011funun bulundu\u011fu 7 vatanda\u015f\u0131n da yaralanmas\u0131na, 3 ev ile baz\u0131 ara\u00e7larda maddi zararlara yol a\u00e7m\u0131\u015ft\u0131.<\/p>\n<p>Gaddar ve kiral\u0131k ter\u00f6ristlerin \u015eam\u2019\u0131n muhtelif Semtlerine y\u00f6nelik d\u00fczenledi\u011fi ter\u00f6rist havan sald\u0131r\u0131lar\u0131nda \u00e7o\u011fu \u00e7ocuk ve kad\u0131n olmak \u00fczere \u00e7ok say\u0131da \u015fehit ve yaral\u0131 d\u00fc\u015fm\u00fc\u015ft\u00fc.<\/p>\n<p>&nbsp;<\/p>\n","protected":false},"excerpt":{"rendered":"<p>\u0130LLER \u2013 Ter\u00f6ristlerin Homs kenti el Zahraa Semtine f\u0131rlatt\u0131\u011f\u0131 roketlerle meydana gelen ter\u00f6r sald\u0131r\u0131s\u0131 sonucunda bir kad\u0131n yaraland\u0131. Homs Emniyet M\u00fcd\u00fcrl\u00fc\u011f\u00fcnde bir kaynak SANA muhabirine a\u00e7\u0131klamas\u0131nda, ter\u00f6ristlerin s\u00f6z konusu semte 3 roket f\u0131rlatmalar\u0131 sonucunda bir kad\u0131n vatanda\u015f\u0131n yaraland\u0131\u011f\u0131n\u0131 vatanda\u015flar\u0131n m\u00fclk ve evlerinde maddi zararlar\u0131n meydana geldi\u011fini s\u00f6yledi. Ayn\u0131 Semtte Temmuz ay\u0131n\u0131n 28\u2019inde de ter\u00f6ristlerin f\u0131rlatt\u0131\u011f\u0131 &hellip;<\/p>\n","protected":false},"author":1,"featured_media":7145,"comment_status":"closed","ping_status":"closed","sticky":false,"template":"","format":"standard","meta":{"footnotes":""},"categories":[575],"tags":[1599],"class_list":["post-7144","post","type-post","status-publish","format-standard","has-post-thumbnail","","category-olaylar-ve-gercekler","tag-teroristler-yine-sivilleri-hedef-aldi"],"_links":{"self":[{"href":"https:\/\/archive.sana.sy\/tr\/index.php?rest_route=\/wp\/v2\/posts\/7144","targetHints":{"allow":["GET"]}}],"collection":[{"href":"https:\/\/archive.sana.sy\/tr\/index.php?rest_route=\/wp\/v2\/posts"}],"about":[{"href":"https:\/\/archive.sana.sy\/tr\/index.php?rest_route=\/wp\/v2\/types\/post"}],"author":[{"embeddable":true,"href":"https:\/\/archive.sana.sy\/tr\/index.php?rest_route=\/wp\/v2\/users\/1"}],"replies":[{"embeddable":true,"href":"https:\/\/archive.sana.sy\/tr\/index.php?rest_route=%2Fwp%2Fv2%2Fcomments&post=7144"}],"version-history":[{"count":0,"href":"https:\/\/archive.sana.sy\/tr\/index.php?rest_route=\/wp\/v2\/posts\/7144\/revisions"}],"wp:featuredmedia":[{"embeddable":true,"href":"https:\/\/archive.sana.sy\/tr\/index.php?rest_route=\/wp\/v2\/media\/7145"}],"wp:attachment":[{"href":"https:\/\/archive.sana.sy\/tr\/index.php?rest_route=%2Fwp%2Fv2%2Fmedia&parent=7144"}],"wp:term":[{"taxonomy":"category","embeddable":true,"href":"https:\/\/archive.sana.sy\/tr\/index.php?rest_route=%2Fwp%2Fv2%2Fcategories&post=7144"},{"taxonomy":"post_tag","embeddable":true,"href":"https:\/\/archive.sana.sy\/tr\/index.php?rest_route=%2Fwp%2Fv2%2Ftags&post=7144"}],"curies":[{"name":"wp","href":"https:\/\/api.w.org\/{rel}","templated":true}]}}