{"id":71452,"date":"2016-05-02T16:43:30","date_gmt":"2016-05-02T13:43:30","guid":{"rendered":"http:\/\/sana.sy\/tr\/?p=71452"},"modified":"2016-05-03T11:46:44","modified_gmt":"2016-05-03T08:46:44","slug":"gorevimiz-gorduklerimizi-avrupaya-aktarmaktir","status":"publish","type":"post","link":"https:\/\/archive.sana.sy\/tr\/?p=71452","title":{"rendered":"G\u00f6revimiz G\u00f6rd\u00fcklerimizi Avrupa&#8217;ya Aktarmakt\u0131r"},"content":{"rendered":"<p>\u015eAM \u2013 Enformasyon Bakan\u0131 Omran el Zoubi bug\u00fcn Avrupa Suriye&#8217;ye Destek Cephesi heyetiyle g\u00f6r\u00fc\u015fmesinde; Suriye&#8217;de ya\u015fananlar\u0131n art\u0131k herkes taraf\u0131ndan bilindi\u011fine i\u015farete derken, ter\u00f6r destek\u00e7ileri rejimler ve yanda\u015f medyalar\u0131n\u0131n t\u00fcm dezenformasyon ve \u00e7arp\u0131tmalar\u0131n\u0131n izole edildi\u011fini belirtti.<\/p>\n<p>Bakan Zoubi Suriye&#8217;de ordunun T\u00fcrkiye ve Suudi Arabistan rejimleri ba\u015fta olmak \u00fczere belli ba\u015fl\u0131 kimi devletlerin destekledikleri \u00e7okuluslu ter\u00f6re kar\u015f\u0131 sava\u015f verdi\u011fini, Suriye&#8217;nin egemenli\u011fini ve toprak b\u00fct\u00fcnl\u00fc\u011f\u00fcn\u00fcn yan\u0131 s\u0131ra halk\u0131n\u0131n can ve mal g\u00fcvenli\u011fi ile birlikte onurunu koruma sava\u015f\u0131 verdi\u011finin alt\u0131n\u0131 \u00e7izdi.<\/p>\n<p>Ordusu ve halk\u0131yla Suriye&#8217;nin bu sava\u015f\u0131nda sadece kendini savunmad\u0131\u011f\u0131n\u0131 belirten Zoubi; ter\u00f6ristlerin b\u00f6lge ve t\u00fcm d\u00fcnya halklar\u0131na kar\u015f\u0131 ciddi bir tehlike te\u015fkil ettiklerinin net bir \u015fekilde g\u00f6r\u00fcld\u00fc\u011f\u00fcn\u00fc s\u00f6yledi.<\/p>\n<p>ABD\u2019nin uzun y\u0131llar boyunca pe\u015finde ko\u015ftu\u011fu \u2018yarat\u0131c\u0131 kaos\u2019 planlar\u0131n\u0131n ancak ve ancak Suriye&#8217;nin par\u00e7alanmas\u0131yla hayata ge\u00e7irilebilece\u011fine dikkat \u00e7eken Zoubi; ABD ve b\u00f6lgedeki t\u00fcm i\u015fbirlik\u00e7i rejimlerin Suriye&#8217;de \u00e7okuluslu tekfirci ter\u00f6r\u00fc desteklemelerinin nedenlerinden birinin de bu oldu\u011funu s\u00f6yledi.<\/p>\n<p>T\u00fcrkiye ve Suudi Arabistan rejilerinin rolleri konusunda ise Bakan Zoubi; bu rejimlerin ter\u00f6re ve tekfircili\u011fe muhtelif t\u00fcr desteklerinin s\u0131n\u0131rs\u0131z oldu\u011funu, bunun da istihbarat raporlar\u0131n\u0131n yan\u0131 s\u0131ra medya haberlerinde ne t bir \u015fekilde g\u00f6r\u00fcld\u00fc\u011f\u00fcne dikkat \u00e7ekti.<\/p>\n<p>Zoubi Suriye&#8217;yi ziyaret eden konuk yabanc\u0131 heyetlerin verebilecekleri ger\u00e7ek deste\u011fin, Suriye&#8217;de g\u00f6rd\u00fckleri ger\u00e7ekleri objektif ve do\u011fru bir \u015fekilde kamuoylar\u0131na aktarmak odlu\u011funu s\u00f6yledi. Bakanl\u0131\u011f\u0131n Suriye&#8217;yi ziyaret etmek isteyen herhangi bir bas\u0131n heyeti ile i\u015fbirli\u011fine haz\u0131r oldu\u011funu ifade eden Zoubi; 2015 y\u0131l\u0131nda Suriye&#8217;ye 800 yabanc\u0131 bas\u0131n heyetinin girdi\u011fine dikkat \u00e7ekti.<\/p>\n<p>Konuk heyet \u00fcyeleri ise g\u00f6revlerinin, g\u00f6rd\u00fckleri ger\u00e7ekleri Avrupa kamuoyuna aktarmak oldu\u011funu ifade etti.<\/p>\n","protected":false},"excerpt":{"rendered":"<p>\u015eAM \u2013 Enformasyon Bakan\u0131 Omran el Zoubi bug\u00fcn Avrupa Suriye&#8217;ye Destek Cephesi heyetiyle g\u00f6r\u00fc\u015fmesinde; Suriye&#8217;de ya\u015fananlar\u0131n art\u0131k herkes taraf\u0131ndan bilindi\u011fine i\u015farete derken, ter\u00f6r destek\u00e7ileri rejimler ve yanda\u015f medyalar\u0131n\u0131n t\u00fcm dezenformasyon ve \u00e7arp\u0131tmalar\u0131n\u0131n izole edildi\u011fini belirtti. Bakan Zoubi Suriye&#8217;de ordunun T\u00fcrkiye ve Suudi Arabistan rejimleri ba\u015fta olmak \u00fczere belli ba\u015fl\u0131 kimi devletlerin destekledikleri \u00e7okuluslu ter\u00f6re kar\u015f\u0131 &hellip;<\/p>\n","protected":false},"author":1,"featured_media":71462,"comment_status":"closed","ping_status":"closed","sticky":false,"template":"","format":"standard","meta":{"footnotes":""},"categories":[479,17988,478],"tags":[],"class_list":["post-71452","post","type-post","status-publish","format-standard","has-post-thumbnail","","category-haberler-yerel","category-son-haberler","category-yerel"],"_links":{"self":[{"href":"https:\/\/archive.sana.sy\/tr\/index.php?rest_route=\/wp\/v2\/posts\/71452","targetHints":{"allow":["GET"]}}],"collection":[{"href":"https:\/\/archive.sana.sy\/tr\/index.php?rest_route=\/wp\/v2\/posts"}],"about":[{"href":"https:\/\/archive.sana.sy\/tr\/index.php?rest_route=\/wp\/v2\/types\/post"}],"author":[{"embeddable":true,"href":"https:\/\/archive.sana.sy\/tr\/index.php?rest_route=\/wp\/v2\/users\/1"}],"replies":[{"embeddable":true,"href":"https:\/\/archive.sana.sy\/tr\/index.php?rest_route=%2Fwp%2Fv2%2Fcomments&post=71452"}],"version-history":[{"count":0,"href":"https:\/\/archive.sana.sy\/tr\/index.php?rest_route=\/wp\/v2\/posts\/71452\/revisions"}],"wp:featuredmedia":[{"embeddable":true,"href":"https:\/\/archive.sana.sy\/tr\/index.php?rest_route=\/wp\/v2\/media\/71462"}],"wp:attachment":[{"href":"https:\/\/archive.sana.sy\/tr\/index.php?rest_route=%2Fwp%2Fv2%2Fmedia&parent=71452"}],"wp:term":[{"taxonomy":"category","embeddable":true,"href":"https:\/\/archive.sana.sy\/tr\/index.php?rest_route=%2Fwp%2Fv2%2Fcategories&post=71452"},{"taxonomy":"post_tag","embeddable":true,"href":"https:\/\/archive.sana.sy\/tr\/index.php?rest_route=%2Fwp%2Fv2%2Ftags&post=71452"}],"curies":[{"name":"wp","href":"https:\/\/api.w.org\/{rel}","templated":true}]}}